{"id":10878,"date":"2025-01-26T22:16:06","date_gmt":"2025-01-26T21:16:06","guid":{"rendered":"https:\/\/wgphoto.pl\/t\/?p=10878"},"modified":"2025-01-26T22:16:06","modified_gmt":"2025-01-26T21:16:06","slug":"dwa-pacholki-i-jedna-tatra-na-ul-28-pazdziernika","status":"publish","type":"post","link":"https:\/\/wgphoto.pl\/t\/?p=10878","title":{"rendered":"Dwa pacho\u0142ki i jedna tatra na ul. 28 pa\u017adziernika"},"content":{"rendered":"\n<figure class=\"wp-block-image aligncenter size-full\"><img loading=\"lazy\" decoding=\"async\" width=\"600\" height=\"900\" src=\"https:\/\/wgphoto.pl\/t\/wp-content\/uploads\/2025\/01\/IMGP7245.jpg\" alt=\"\" class=\"wp-image-10879\" srcset=\"https:\/\/wgphoto.pl\/t\/wp-content\/uploads\/2025\/01\/IMGP7245.jpg 600w, https:\/\/wgphoto.pl\/t\/wp-content\/uploads\/2025\/01\/IMGP7245-200x300.jpg 200w\" sizes=\"auto, (max-width: 600px) 100vw, 600px\" \/><\/figure>\n\n\n\n<div class=\"wp-block-group has-global-padding is-layout-constrained wp-block-group-is-layout-constrained\">\n<p>Ostrawa, ul. 28. \u0159\u00edjna (w Polsce ta ulica nazywa\u0142aby si\u0119 11 listopada). K2G 805 przemierza w niedzielny poranek puste ulice ostrawskiego \u015br\u00f3dmie\u015bcia. W szczycie dnia roboczego w jednym kierunku przeje\u017cd\u017ca t\u0119dy tramwaj \u015brednio co minut\u0119. 19.07.2009<\/p>\n<\/div>\n","protected":false},"excerpt":{"rendered":"<p>Ostrawa, ul. 28. \u0159\u00edjna (w Polsce ta ulica nazywa\u0142aby si\u0119 11 listopada). K2G 805 przemierza w niedzielny poranek puste ulice ostrawskiego \u015br\u00f3dmie\u015bcia. W szczycie dnia roboczego w jednym kierunku przeje\u017cd\u017ca t\u0119dy tramwaj \u015brednio co minut\u0119. 19.07.2009<\/p>\n","protected":false},"author":1,"featured_media":10879,"comment_status":"open","ping_status":"","sticky":false,"template":"","format":"standard","meta":{"footnotes":""},"categories":[128,169,3],"tags":[1146,49,899,897,118,176,994],"class_list":["post-10878","post","type-post","status-publish","format-standard","has-post-thumbnail","hentry","category-pionowe","category-rok-2009","category-tramwaj","tag-2009-07-19","tag-czechy","tag-dp-ostrava","tag-ostrawa","tag-plany-i-profile","tag-rano","tag-tatra-k2"],"_links":{"self":[{"href":"https:\/\/wgphoto.pl\/t\/index.php?rest_route=\/wp\/v2\/posts\/10878","targetHints":{"allow":["GET"]}}],"collection":[{"href":"https:\/\/wgphoto.pl\/t\/index.php?rest_route=\/wp\/v2\/posts"}],"about":[{"href":"https:\/\/wgphoto.pl\/t\/index.php?rest_route=\/wp\/v2\/types\/post"}],"author":[{"embeddable":true,"href":"https:\/\/wgphoto.pl\/t\/index.php?rest_route=\/wp\/v2\/users\/1"}],"replies":[{"embeddable":true,"href":"https:\/\/wgphoto.pl\/t\/index.php?rest_route=%2Fwp%2Fv2%2Fcomments&post=10878"}],"version-history":[{"count":1,"href":"https:\/\/wgphoto.pl\/t\/index.php?rest_route=\/wp\/v2\/posts\/10878\/revisions"}],"predecessor-version":[{"id":10880,"href":"https:\/\/wgphoto.pl\/t\/index.php?rest_route=\/wp\/v2\/posts\/10878\/revisions\/10880"}],"wp:featuredmedia":[{"embeddable":true,"href":"https:\/\/wgphoto.pl\/t\/index.php?rest_route=\/wp\/v2\/media\/10879"}],"wp:attachment":[{"href":"https:\/\/wgphoto.pl\/t\/index.php?rest_route=%2Fwp%2Fv2%2Fmedia&parent=10878"}],"wp:term":[{"taxonomy":"category","embeddable":true,"href":"https:\/\/wgphoto.pl\/t\/index.php?rest_route=%2Fwp%2Fv2%2Fcategories&post=10878"},{"taxonomy":"post_tag","embeddable":true,"href":"https:\/\/wgphoto.pl\/t\/index.php?rest_route=%2Fwp%2Fv2%2Ftags&post=10878"}],"curies":[{"name":"wp","href":"https:\/\/api.w.org\/{rel}","templated":true}]}}