{"id":1088,"date":"2024-10-01T22:01:08","date_gmt":"2024-10-01T20:01:08","guid":{"rendered":"https:\/\/wgphoto.pl\/t\/?p=1088"},"modified":"2024-10-01T22:01:08","modified_gmt":"2024-10-01T20:01:08","slug":"nareszcie-pojechal","status":"publish","type":"post","link":"https:\/\/wgphoto.pl\/t\/?p=1088","title":{"rendered":"Nareszcie pojecha\u0142"},"content":{"rendered":"\n<figure class=\"wp-block-image aligncenter size-full\"><img loading=\"lazy\" decoding=\"async\" width=\"1200\" height=\"800\" src=\"https:\/\/wgphoto.pl\/t\/wp-content\/uploads\/2024\/10\/0426-0.jpg\" alt=\"\" class=\"wp-image-1089\" srcset=\"https:\/\/wgphoto.pl\/t\/wp-content\/uploads\/2024\/10\/0426-0.jpg 1200w, https:\/\/wgphoto.pl\/t\/wp-content\/uploads\/2024\/10\/0426-0-300x200.jpg 300w, https:\/\/wgphoto.pl\/t\/wp-content\/uploads\/2024\/10\/0426-0-768x512.jpg 768w\" sizes=\"auto, (max-width: 1200px) 100vw, 1200px\" \/><\/figure>\n\n\n\n<div class=\"wp-block-group has-global-padding is-layout-constrained wp-block-group-is-layout-constrained\">\n<p>SU45-011 z poci\u0105giem osobowym 46125 relacji K\u0119dzierzyn-Ko\u017ale &#8211; Kamieniec Z\u0105bkowicki opu\u015bci\u0142 Prudnik. Kadr troch\u0119 bez sensu, ale teletechnik\u0119 wida\u0107. Dodatkowo by\u0142 to jedyny poci\u0105g jaki przejecha\u0142 podczas mojego kilkugodzinnego posiedzenia na szlaku, co wraz z s\u0105siednim zdj\u0119ciem ze stacji prze\u0142o\u017cy\u0142o si\u0119 na ca\u0142e trofeum z tego dnia. 18.09.2004<\/p>\n<\/div>\n","protected":false},"excerpt":{"rendered":"<p>SU45-011 z poci\u0105giem osobowym 46125 relacji K\u0119dzierzyn-Ko\u017ale &#8211; Kamieniec Z\u0105bkowicki opu\u015bci\u0142 Prudnik. Kadr troch\u0119 bez sensu, ale teletechnik\u0119 wida\u0107. Dodatkowo by\u0142 to jedyny poci\u0105g jaki przejecha\u0142 podczas mojego kilkugodzinnego posiedzenia na szlaku, co wraz z s\u0105siednim zdj\u0119ciem ze stacji prze\u0142o\u017cy\u0142o si\u0119 na ca\u0142e trofeum z tego dnia. 18.09.2004<\/p>\n","protected":false},"author":1,"featured_media":1089,"comment_status":"open","ping_status":"","sticky":false,"template":"","format":"standard","meta":{"footnotes":""},"categories":[62,2,61],"tags":[521,63,27,519,290,520,319],"class_list":["post-1088","post","type-post","status-publish","format-standard","has-post-thumbnail","hentry","category-analog","category-kolej","category-rok-2004","tag-2004-09-18","tag-pkp","tag-polska","tag-prudnik","tag-su45","tag-szybowice","tag-tab-pl235"],"_links":{"self":[{"href":"https:\/\/wgphoto.pl\/t\/index.php?rest_route=\/wp\/v2\/posts\/1088","targetHints":{"allow":["GET"]}}],"collection":[{"href":"https:\/\/wgphoto.pl\/t\/index.php?rest_route=\/wp\/v2\/posts"}],"about":[{"href":"https:\/\/wgphoto.pl\/t\/index.php?rest_route=\/wp\/v2\/types\/post"}],"author":[{"embeddable":true,"href":"https:\/\/wgphoto.pl\/t\/index.php?rest_route=\/wp\/v2\/users\/1"}],"replies":[{"embeddable":true,"href":"https:\/\/wgphoto.pl\/t\/index.php?rest_route=%2Fwp%2Fv2%2Fcomments&post=1088"}],"version-history":[{"count":1,"href":"https:\/\/wgphoto.pl\/t\/index.php?rest_route=\/wp\/v2\/posts\/1088\/revisions"}],"predecessor-version":[{"id":1090,"href":"https:\/\/wgphoto.pl\/t\/index.php?rest_route=\/wp\/v2\/posts\/1088\/revisions\/1090"}],"wp:featuredmedia":[{"embeddable":true,"href":"https:\/\/wgphoto.pl\/t\/index.php?rest_route=\/wp\/v2\/media\/1089"}],"wp:attachment":[{"href":"https:\/\/wgphoto.pl\/t\/index.php?rest_route=%2Fwp%2Fv2%2Fmedia&parent=1088"}],"wp:term":[{"taxonomy":"category","embeddable":true,"href":"https:\/\/wgphoto.pl\/t\/index.php?rest_route=%2Fwp%2Fv2%2Fcategories&post=1088"},{"taxonomy":"post_tag","embeddable":true,"href":"https:\/\/wgphoto.pl\/t\/index.php?rest_route=%2Fwp%2Fv2%2Ftags&post=1088"}],"curies":[{"name":"wp","href":"https:\/\/api.w.org\/{rel}","templated":true}]}}