{"id":10881,"date":"2025-01-26T22:17:07","date_gmt":"2025-01-26T21:17:07","guid":{"rendered":"https:\/\/wgphoto.pl\/t\/?p=10881"},"modified":"2025-01-26T22:17:07","modified_gmt":"2025-01-26T21:17:07","slug":"siedemnascie-pacholkow-i-balagan-w-kadrze","status":"publish","type":"post","link":"https:\/\/wgphoto.pl\/t\/?p=10881","title":{"rendered":"Siedemna\u015bcie pacho\u0142k\u00f3w i ba\u0142agan w kadrze"},"content":{"rendered":"\n<figure class=\"wp-block-image aligncenter size-full\"><img loading=\"lazy\" decoding=\"async\" width=\"1050\" height=\"700\" src=\"https:\/\/wgphoto.pl\/t\/wp-content\/uploads\/2025\/01\/IMGP7238.jpg\" alt=\"\" class=\"wp-image-10882\" srcset=\"https:\/\/wgphoto.pl\/t\/wp-content\/uploads\/2025\/01\/IMGP7238.jpg 1050w, https:\/\/wgphoto.pl\/t\/wp-content\/uploads\/2025\/01\/IMGP7238-300x200.jpg 300w, https:\/\/wgphoto.pl\/t\/wp-content\/uploads\/2025\/01\/IMGP7238-768x512.jpg 768w\" sizes=\"auto, (max-width: 1050px) 100vw, 1050px\" \/><\/figure>\n\n\n\n<div class=\"wp-block-group has-global-padding is-layout-constrained wp-block-group-is-layout-constrained\">\n<p>Ostrawa, ul. 28. \u0159\u00edjna. Najnowsza przegubowa tatra w tutejszym parku taborowym wspina si\u0119 na wiadukt nad lini\u0105 kolejow\u0105. Do Ostrawy w latach 1966 &#8211; 1982 dostarczono 10 takich wagon\u00f3w, spo\u015br\u00f3d kt\u00f3rych w ruchu do dzi\u015b (opis z roku 2014) pozostaje osiem sztuk. 19.07.2009<\/p>\n<\/div>\n","protected":false},"excerpt":{"rendered":"<p>Ostrawa, ul. 28. \u0159\u00edjna. Najnowsza przegubowa tatra w tutejszym parku taborowym wspina si\u0119 na wiadukt nad lini\u0105 kolejow\u0105. Do Ostrawy w latach 1966 &#8211; 1982 dostarczono 10 takich wagon\u00f3w, spo\u015br\u00f3d kt\u00f3rych w ruchu do dzi\u015b (opis z roku 2014) pozostaje osiem sztuk. 19.07.2009<\/p>\n","protected":false},"author":1,"featured_media":10882,"comment_status":"open","ping_status":"","sticky":false,"template":"","format":"standard","meta":{"footnotes":""},"categories":[169,3],"tags":[1146,49,899,897,176,994],"class_list":["post-10881","post","type-post","status-publish","format-standard","has-post-thumbnail","hentry","category-rok-2009","category-tramwaj","tag-2009-07-19","tag-czechy","tag-dp-ostrava","tag-ostrawa","tag-rano","tag-tatra-k2"],"_links":{"self":[{"href":"https:\/\/wgphoto.pl\/t\/index.php?rest_route=\/wp\/v2\/posts\/10881","targetHints":{"allow":["GET"]}}],"collection":[{"href":"https:\/\/wgphoto.pl\/t\/index.php?rest_route=\/wp\/v2\/posts"}],"about":[{"href":"https:\/\/wgphoto.pl\/t\/index.php?rest_route=\/wp\/v2\/types\/post"}],"author":[{"embeddable":true,"href":"https:\/\/wgphoto.pl\/t\/index.php?rest_route=\/wp\/v2\/users\/1"}],"replies":[{"embeddable":true,"href":"https:\/\/wgphoto.pl\/t\/index.php?rest_route=%2Fwp%2Fv2%2Fcomments&post=10881"}],"version-history":[{"count":1,"href":"https:\/\/wgphoto.pl\/t\/index.php?rest_route=\/wp\/v2\/posts\/10881\/revisions"}],"predecessor-version":[{"id":10883,"href":"https:\/\/wgphoto.pl\/t\/index.php?rest_route=\/wp\/v2\/posts\/10881\/revisions\/10883"}],"wp:featuredmedia":[{"embeddable":true,"href":"https:\/\/wgphoto.pl\/t\/index.php?rest_route=\/wp\/v2\/media\/10882"}],"wp:attachment":[{"href":"https:\/\/wgphoto.pl\/t\/index.php?rest_route=%2Fwp%2Fv2%2Fmedia&parent=10881"}],"wp:term":[{"taxonomy":"category","embeddable":true,"href":"https:\/\/wgphoto.pl\/t\/index.php?rest_route=%2Fwp%2Fv2%2Fcategories&post=10881"},{"taxonomy":"post_tag","embeddable":true,"href":"https:\/\/wgphoto.pl\/t\/index.php?rest_route=%2Fwp%2Fv2%2Ftags&post=10881"}],"curies":[{"name":"wp","href":"https:\/\/api.w.org\/{rel}","templated":true}]}}