{"id":10887,"date":"2025-01-26T22:19:31","date_gmt":"2025-01-26T21:19:31","guid":{"rendered":"https:\/\/wgphoto.pl\/t\/?p=10887"},"modified":"2025-01-26T22:19:31","modified_gmt":"2025-01-26T21:19:31","slug":"ceska-tramvaj-pod-flaga-bialo-czerwona-2","status":"publish","type":"post","link":"https:\/\/wgphoto.pl\/t\/?p=10887","title":{"rendered":"\u010cesk\u00e1 tramvaj pod flag\u0105 bia\u0142o-czerwon\u0105"},"content":{"rendered":"\n<figure class=\"wp-block-image aligncenter size-full\"><img loading=\"lazy\" decoding=\"async\" width=\"1050\" height=\"700\" src=\"http:\/\/wgphoto.pl\/t\/wp-content\/uploads\/2025\/01\/IMGP5620.jpg\" alt=\"\" class=\"wp-image-10889\"\/><\/figure>\n\n\n\n<div class=\"wp-block-group has-global-padding is-layout-constrained wp-block-group-is-layout-constrained\">\n<p>Objazdowa sz\u00f3stka 3004 mija przyozdobione flagami kamienice przy ul. S\u0142owia\u0144skiej we Wroc\u0142awiu. 02.05.2009<\/p>\n<\/div>\n","protected":false},"excerpt":{"rendered":"<p>Objazdowa sz\u00f3stka 3004 mija przyozdobione flagami kamienice przy ul. S\u0142owia\u0144skiej we Wroc\u0142awiu. 02.05.2009<\/p>\n","protected":false},"author":1,"featured_media":10889,"comment_status":"open","ping_status":"","sticky":false,"template":"","format":"standard","meta":{"footnotes":""},"categories":[169,3],"tags":[3029,34,494,42,27,215,216,181,41],"class_list":["post-10887","post","type-post","status-publish","format-standard","has-post-thumbnail","hentry","category-rok-2009","category-tramwaj","tag-2009-05-02","tag-architektura","tag-flaga","tag-mpk-wroclaw","tag-polska","tag-skoda-16t","tag-skoda-elektra","tag-slonce","tag-wroclaw"],"_links":{"self":[{"href":"https:\/\/wgphoto.pl\/t\/index.php?rest_route=\/wp\/v2\/posts\/10887","targetHints":{"allow":["GET"]}}],"collection":[{"href":"https:\/\/wgphoto.pl\/t\/index.php?rest_route=\/wp\/v2\/posts"}],"about":[{"href":"https:\/\/wgphoto.pl\/t\/index.php?rest_route=\/wp\/v2\/types\/post"}],"author":[{"embeddable":true,"href":"https:\/\/wgphoto.pl\/t\/index.php?rest_route=\/wp\/v2\/users\/1"}],"replies":[{"embeddable":true,"href":"https:\/\/wgphoto.pl\/t\/index.php?rest_route=%2Fwp%2Fv2%2Fcomments&post=10887"}],"version-history":[{"count":1,"href":"https:\/\/wgphoto.pl\/t\/index.php?rest_route=\/wp\/v2\/posts\/10887\/revisions"}],"predecessor-version":[{"id":10890,"href":"https:\/\/wgphoto.pl\/t\/index.php?rest_route=\/wp\/v2\/posts\/10887\/revisions\/10890"}],"wp:featuredmedia":[{"embeddable":true,"href":"https:\/\/wgphoto.pl\/t\/index.php?rest_route=\/wp\/v2\/media\/10889"}],"wp:attachment":[{"href":"https:\/\/wgphoto.pl\/t\/index.php?rest_route=%2Fwp%2Fv2%2Fmedia&parent=10887"}],"wp:term":[{"taxonomy":"category","embeddable":true,"href":"https:\/\/wgphoto.pl\/t\/index.php?rest_route=%2Fwp%2Fv2%2Fcategories&post=10887"},{"taxonomy":"post_tag","embeddable":true,"href":"https:\/\/wgphoto.pl\/t\/index.php?rest_route=%2Fwp%2Fv2%2Ftags&post=10887"}],"curies":[{"name":"wp","href":"https:\/\/api.w.org\/{rel}","templated":true}]}}