{"id":10908,"date":"2025-01-27T22:08:08","date_gmt":"2025-01-27T21:08:08","guid":{"rendered":"https:\/\/wgphoto.pl\/t\/?p=10908"},"modified":"2025-01-27T23:11:27","modified_gmt":"2025-01-27T22:11:27","slug":"skoda-pod-flaga-wegierska","status":"publish","type":"post","link":"https:\/\/wgphoto.pl\/t\/?p=10908","title":{"rendered":"\u0160koda pod flag\u0105 w\u0119giersk\u0105"},"content":{"rendered":"\n<figure class=\"wp-block-image aligncenter size-full\"><img loading=\"lazy\" decoding=\"async\" width=\"1399\" height=\"947\" src=\"https:\/\/wgphoto.pl\/t\/wp-content\/uploads\/2025\/01\/IMGP5522.jpg\" alt=\"\" class=\"wp-image-10941\" srcset=\"https:\/\/wgphoto.pl\/t\/wp-content\/uploads\/2025\/01\/IMGP5522.jpg 1399w, https:\/\/wgphoto.pl\/t\/wp-content\/uploads\/2025\/01\/IMGP5522-300x203.jpg 300w, https:\/\/wgphoto.pl\/t\/wp-content\/uploads\/2025\/01\/IMGP5522-768x520.jpg 768w\" sizes=\"auto, (max-width: 1399px) 100vw, 1399px\" \/><\/figure>\n\n\n\n<div class=\"wp-block-group has-global-padding is-layout-constrained wp-block-group-is-layout-constrained\">\n<p>Miskolc, Hunyadi J\u00e1nos utca. Nowa \u0161koda o znakomitym designie mija miejscowy ratusz. Pojazdy tego typu, b\u0119d\u0105ce w 100% niskopod\u0142ogow\u0105, rozwojow\u0105 wersj\u0105 modeli z rodziny Elektra (reprezentowanej m.in. przez wroc\u0142awskie wagony typ\u00f3w 16T i 19T) kursuj\u0105 obecnie wy\u0142\u0105cznie w Miskolcu. Docelowo trafi tu 31 takich pojazd\u00f3w. 19.06.2014<\/p>\n<\/div>\n","protected":false},"excerpt":{"rendered":"<p>Miskolc, Hunyadi J\u00e1nos utca. Nowa \u0161koda o znakomitym designie mija miejscowy ratusz. Pojazdy tego typu, b\u0119d\u0105ce w 100% niskopod\u0142ogow\u0105, rozwojow\u0105 wersj\u0105 modeli z rodziny Elektra (reprezentowanej m.in. przez wroc\u0142awskie wagony typ\u00f3w 16T i 19T) kursuj\u0105 obecnie wy\u0142\u0105cznie w Miskolcu. Docelowo trafi tu 31 takich pojazd\u00f3w. 19.06.2014<\/p>\n","protected":false},"author":1,"featured_media":10941,"comment_status":"open","ping_status":"","sticky":false,"template":"","format":"standard","meta":{"footnotes":""},"categories":[48,3],"tags":[1007,34,494,1008,1006,2450,105],"class_list":["post-10908","post","type-post","status-publish","format-standard","has-post-thumbnail","hentry","category-rok-2014","category-tramwaj","tag-2014-06-19","tag-architektura","tag-flaga","tag-miszkolc","tag-mvk-miskolc","tag-skoda-26t","tag-wegry"],"_links":{"self":[{"href":"https:\/\/wgphoto.pl\/t\/index.php?rest_route=\/wp\/v2\/posts\/10908","targetHints":{"allow":["GET"]}}],"collection":[{"href":"https:\/\/wgphoto.pl\/t\/index.php?rest_route=\/wp\/v2\/posts"}],"about":[{"href":"https:\/\/wgphoto.pl\/t\/index.php?rest_route=\/wp\/v2\/types\/post"}],"author":[{"embeddable":true,"href":"https:\/\/wgphoto.pl\/t\/index.php?rest_route=\/wp\/v2\/users\/1"}],"replies":[{"embeddable":true,"href":"https:\/\/wgphoto.pl\/t\/index.php?rest_route=%2Fwp%2Fv2%2Fcomments&post=10908"}],"version-history":[{"count":2,"href":"https:\/\/wgphoto.pl\/t\/index.php?rest_route=\/wp\/v2\/posts\/10908\/revisions"}],"predecessor-version":[{"id":10942,"href":"https:\/\/wgphoto.pl\/t\/index.php?rest_route=\/wp\/v2\/posts\/10908\/revisions\/10942"}],"wp:featuredmedia":[{"embeddable":true,"href":"https:\/\/wgphoto.pl\/t\/index.php?rest_route=\/wp\/v2\/media\/10941"}],"wp:attachment":[{"href":"https:\/\/wgphoto.pl\/t\/index.php?rest_route=%2Fwp%2Fv2%2Fmedia&parent=10908"}],"wp:term":[{"taxonomy":"category","embeddable":true,"href":"https:\/\/wgphoto.pl\/t\/index.php?rest_route=%2Fwp%2Fv2%2Fcategories&post=10908"},{"taxonomy":"post_tag","embeddable":true,"href":"https:\/\/wgphoto.pl\/t\/index.php?rest_route=%2Fwp%2Fv2%2Ftags&post=10908"}],"curies":[{"name":"wp","href":"https:\/\/api.w.org\/{rel}","templated":true}]}}