{"id":10911,"date":"2025-01-27T22:09:12","date_gmt":"2025-01-27T21:09:12","guid":{"rendered":"https:\/\/wgphoto.pl\/t\/?p=10911"},"modified":"2025-01-27T22:09:12","modified_gmt":"2025-01-27T21:09:12","slug":"ganz-csmg2-nr-1354","status":"publish","type":"post","link":"https:\/\/wgphoto.pl\/t\/?p=10911","title":{"rendered":"Ganz CSMG2 nr 1354"},"content":{"rendered":"\n<figure class=\"wp-block-image aligncenter size-full\"><img loading=\"lazy\" decoding=\"async\" width=\"1050\" height=\"700\" src=\"https:\/\/wgphoto.pl\/t\/wp-content\/uploads\/2025\/01\/IMGP6265.jpg\" alt=\"\" class=\"wp-image-10913\" srcset=\"https:\/\/wgphoto.pl\/t\/wp-content\/uploads\/2025\/01\/IMGP6265.jpg 1050w, https:\/\/wgphoto.pl\/t\/wp-content\/uploads\/2025\/01\/IMGP6265-300x200.jpg 300w, https:\/\/wgphoto.pl\/t\/wp-content\/uploads\/2025\/01\/IMGP6265-768x512.jpg 768w\" sizes=\"auto, (max-width: 1050px) 100vw, 1050px\" \/><\/figure>\n\n\n\n<div class=\"wp-block-group has-global-padding is-layout-constrained wp-block-group-is-layout-constrained\">\n<p>Budapeszt, Kossuth Lajos t\u00e9r. Linia 2, kursuj\u0105ca wzd\u0142u\u017c peszta\u0144skiego wybrze\u017ca Dunaju i mijaj\u0105ca takie znamienite gmachy jak widoczne w kadrze Muzeum Etnograficzne, nale\u017cy do tych bardziej reprezentacyjnych, dlatego te\u017c kursuj\u0105 na niej nieco podrasowane Ganze z rozruchem tyrystorowym. 22.06.2014<\/p>\n<\/div>\n","protected":false},"excerpt":{"rendered":"<p>Budapeszt, Kossuth Lajos t\u00e9r. Linia 2, kursuj\u0105ca wzd\u0142u\u017c peszta\u0144skiego wybrze\u017ca Dunaju i mijaj\u0105ca takie znamienite gmachy jak widoczne w kadrze Muzeum Etnograficzne, nale\u017cy do tych bardziej reprezentacyjnych, dlatego te\u017c kursuj\u0105 na niej nieco podrasowane Ganze z rozruchem tyrystorowym. 22.06.2014<\/p>\n","protected":false},"author":1,"featured_media":10913,"comment_status":"open","ping_status":"","sticky":false,"template":"","format":"standard","meta":{"footnotes":""},"categories":[48,3],"tags":[222,34,147,144,699,105],"class_list":["post-10911","post","type-post","status-publish","format-standard","has-post-thumbnail","hentry","category-rok-2014","category-tramwaj","tag-2014-06-22","tag-architektura","tag-bkv-budapest","tag-budapeszt","tag-ganz-csmg2","tag-wegry"],"_links":{"self":[{"href":"https:\/\/wgphoto.pl\/t\/index.php?rest_route=\/wp\/v2\/posts\/10911","targetHints":{"allow":["GET"]}}],"collection":[{"href":"https:\/\/wgphoto.pl\/t\/index.php?rest_route=\/wp\/v2\/posts"}],"about":[{"href":"https:\/\/wgphoto.pl\/t\/index.php?rest_route=\/wp\/v2\/types\/post"}],"author":[{"embeddable":true,"href":"https:\/\/wgphoto.pl\/t\/index.php?rest_route=\/wp\/v2\/users\/1"}],"replies":[{"embeddable":true,"href":"https:\/\/wgphoto.pl\/t\/index.php?rest_route=%2Fwp%2Fv2%2Fcomments&post=10911"}],"version-history":[{"count":1,"href":"https:\/\/wgphoto.pl\/t\/index.php?rest_route=\/wp\/v2\/posts\/10911\/revisions"}],"predecessor-version":[{"id":10914,"href":"https:\/\/wgphoto.pl\/t\/index.php?rest_route=\/wp\/v2\/posts\/10911\/revisions\/10914"}],"wp:featuredmedia":[{"embeddable":true,"href":"https:\/\/wgphoto.pl\/t\/index.php?rest_route=\/wp\/v2\/media\/10913"}],"wp:attachment":[{"href":"https:\/\/wgphoto.pl\/t\/index.php?rest_route=%2Fwp%2Fv2%2Fmedia&parent=10911"}],"wp:term":[{"taxonomy":"category","embeddable":true,"href":"https:\/\/wgphoto.pl\/t\/index.php?rest_route=%2Fwp%2Fv2%2Fcategories&post=10911"},{"taxonomy":"post_tag","embeddable":true,"href":"https:\/\/wgphoto.pl\/t\/index.php?rest_route=%2Fwp%2Fv2%2Ftags&post=10911"}],"curies":[{"name":"wp","href":"https:\/\/api.w.org\/{rel}","templated":true}]}}