{"id":10918,"date":"2025-01-27T22:11:13","date_gmt":"2025-01-27T21:11:13","guid":{"rendered":"https:\/\/wgphoto.pl\/t\/?p=10918"},"modified":"2025-01-27T22:11:13","modified_gmt":"2025-01-27T21:11:13","slug":"potrojniak","status":"publish","type":"post","link":"https:\/\/wgphoto.pl\/t\/?p=10918","title":{"rendered":"Potr\u00f3jniak"},"content":{"rendered":"\n<figure class=\"wp-block-image aligncenter size-full\"><img loading=\"lazy\" decoding=\"async\" width=\"1200\" height=\"795\" src=\"https:\/\/wgphoto.pl\/t\/wp-content\/uploads\/2025\/01\/IMGP5176.jpg\" alt=\"\" class=\"wp-image-10919\" srcset=\"https:\/\/wgphoto.pl\/t\/wp-content\/uploads\/2025\/01\/IMGP5176.jpg 1200w, https:\/\/wgphoto.pl\/t\/wp-content\/uploads\/2025\/01\/IMGP5176-300x199.jpg 300w, https:\/\/wgphoto.pl\/t\/wp-content\/uploads\/2025\/01\/IMGP5176-768x509.jpg 768w\" sizes=\"auto, (max-width: 1200px) 100vw, 1200px\" \/><\/figure>\n\n\n\n<div class=\"wp-block-group has-global-padding is-layout-constrained wp-block-group-is-layout-constrained\">\n<p>W Budapeszcie tatry T5C5 kursuj\u0105 tak\u017ce w sk\u0142adach potr\u00f3jnych. Taki w\u0142a\u015bnie zestaw zatrzymuje si\u0119 na przystanku Szentl\u00e9lek t\u00e9r zlokalizowanym na jednym z ko\u0144c\u00f3w mostu \u00c1rp\u00e1d h\u00edd. Linia 1 nale\u017cy do najwa\u017cniejszych w mie\u015bcie, gdy\u017c jad\u0105c po trasie o kszta\u0142cie po\u0142owy okr\u0119gu \u0142\u0105czy wiele linii wybiegaj\u0105cych promieni\u015bcie z centrum. Aktualnie kursuje w mocno skr\u00f3conej, licz\u0105cej zaledwie 5 przystank\u00f3w relacji B\u00e9csi \u00fat\/V\u00f6r\u00f6sv\u00e1ri \u00fat &#8211; \u00c1rp\u00e1d h\u00edd M. Pozosta\u0142y odcinek znajduje si\u0119 w przebudowie. Mo\u017cliwe, \u017ce na t\u0119 w\u0142a\u015bnie tras\u0119 trafi\u0105 9-cz\u0142onowe CAF-y o d\u0142ugo\u015bci skromnych 56 metr\u00f3w. 18.06.2014<\/p>\n<\/div>\n","protected":false},"excerpt":{"rendered":"<p>W Budapeszcie tatry T5C5 kursuj\u0105 tak\u017ce w sk\u0142adach potr\u00f3jnych. Taki w\u0142a\u015bnie zestaw zatrzymuje si\u0119 na przystanku Szentl\u00e9lek t\u00e9r zlokalizowanym na jednym z ko\u0144c\u00f3w mostu \u00c1rp\u00e1d h\u00edd. Linia 1 nale\u017cy do najwa\u017cniejszych w mie\u015bcie, gdy\u017c jad\u0105c po trasie o kszta\u0142cie po\u0142owy okr\u0119gu \u0142\u0105czy wiele linii wybiegaj\u0105cych promieni\u015bcie z centrum. Aktualnie kursuje w mocno skr\u00f3conej, licz\u0105cej zaledwie [&hellip;]<\/p>\n","protected":false},"author":1,"featured_media":10919,"comment_status":"open","ping_status":"","sticky":false,"template":"","format":"standard","meta":{"footnotes":""},"categories":[48,3],"tags":[148,147,144,114,135,1037,105],"class_list":["post-10918","post","type-post","status-publish","format-standard","has-post-thumbnail","hentry","category-rok-2014","category-tramwaj","tag-2014-06-18","tag-bkv-budapest","tag-budapeszt","tag-gory","tag-potrojniak","tag-tatra-t5","tag-wegry"],"_links":{"self":[{"href":"https:\/\/wgphoto.pl\/t\/index.php?rest_route=\/wp\/v2\/posts\/10918","targetHints":{"allow":["GET"]}}],"collection":[{"href":"https:\/\/wgphoto.pl\/t\/index.php?rest_route=\/wp\/v2\/posts"}],"about":[{"href":"https:\/\/wgphoto.pl\/t\/index.php?rest_route=\/wp\/v2\/types\/post"}],"author":[{"embeddable":true,"href":"https:\/\/wgphoto.pl\/t\/index.php?rest_route=\/wp\/v2\/users\/1"}],"replies":[{"embeddable":true,"href":"https:\/\/wgphoto.pl\/t\/index.php?rest_route=%2Fwp%2Fv2%2Fcomments&post=10918"}],"version-history":[{"count":1,"href":"https:\/\/wgphoto.pl\/t\/index.php?rest_route=\/wp\/v2\/posts\/10918\/revisions"}],"predecessor-version":[{"id":10920,"href":"https:\/\/wgphoto.pl\/t\/index.php?rest_route=\/wp\/v2\/posts\/10918\/revisions\/10920"}],"wp:featuredmedia":[{"embeddable":true,"href":"https:\/\/wgphoto.pl\/t\/index.php?rest_route=\/wp\/v2\/media\/10919"}],"wp:attachment":[{"href":"https:\/\/wgphoto.pl\/t\/index.php?rest_route=%2Fwp%2Fv2%2Fmedia&parent=10918"}],"wp:term":[{"taxonomy":"category","embeddable":true,"href":"https:\/\/wgphoto.pl\/t\/index.php?rest_route=%2Fwp%2Fv2%2Fcategories&post=10918"},{"taxonomy":"post_tag","embeddable":true,"href":"https:\/\/wgphoto.pl\/t\/index.php?rest_route=%2Fwp%2Fv2%2Ftags&post=10918"}],"curies":[{"name":"wp","href":"https:\/\/api.w.org\/{rel}","templated":true}]}}