{"id":10924,"date":"2025-01-27T22:13:08","date_gmt":"2025-01-27T21:13:08","guid":{"rendered":"https:\/\/wgphoto.pl\/t\/?p=10924"},"modified":"2025-01-27T23:12:27","modified_gmt":"2025-01-27T22:12:27","slug":"54-metry","status":"publish","type":"post","link":"https:\/\/wgphoto.pl\/t\/?p=10924","title":{"rendered":"54 metry"},"content":{"rendered":"\n<figure class=\"wp-block-image aligncenter size-full\"><img loading=\"lazy\" decoding=\"async\" width=\"1400\" height=\"927\" src=\"https:\/\/wgphoto.pl\/t\/wp-content\/uploads\/2025\/01\/IMGP5110.jpg\" alt=\"\" class=\"wp-image-10945\" srcset=\"https:\/\/wgphoto.pl\/t\/wp-content\/uploads\/2025\/01\/IMGP5110.jpg 1400w, https:\/\/wgphoto.pl\/t\/wp-content\/uploads\/2025\/01\/IMGP5110-300x199.jpg 300w, https:\/\/wgphoto.pl\/t\/wp-content\/uploads\/2025\/01\/IMGP5110-768x509.jpg 768w\" sizes=\"auto, (max-width: 1400px) 100vw, 1400px\" \/><\/figure>\n\n\n\n<div class=\"wp-block-group has-global-padding is-layout-constrained wp-block-group-is-layout-constrained\">\n<p>Budapeszt, Blaha Lujza t\u00e9r. Ci\u0119\u017cko jest z\u0142apa\u0107 54 metry tramwaju w\u015br\u00f3d wysokich kamienic z profilu. Takie pojazdy zapewniaj\u0105 ca\u0142o\u015b\u0107 obs\u0142ugi na liniach 4 i 6, kt\u00f3re &#8211; podobnie jak wspomniana jedynka &#8211; \u0142\u0105cz\u0105 linie promieniste jad\u0105c po 3\/4 nieco cia\u015bniejszego okr\u0119gu. Tramwaje obu linii, r\u00f3\u017cni\u0105cych si\u0119 tylko paroma przystankami na po\u0142udniowym ko\u0144cu trasy, kursuj\u0105 co 2-3 minuty i ka\u017cdy z nich jest pe\u0142en pasa\u017cer\u00f3w. W tle widoczna jest po\u0142owa frontu dworca Keleti. 17.06.2014<\/p>\n<\/div>\n","protected":false},"excerpt":{"rendered":"<p>Budapeszt, Blaha Lujza t\u00e9r. Ci\u0119\u017cko jest z\u0142apa\u0107 54 metry tramwaju w\u015br\u00f3d wysokich kamienic z profilu. Takie pojazdy zapewniaj\u0105 ca\u0142o\u015b\u0107 obs\u0142ugi na liniach 4 i 6, kt\u00f3re &#8211; podobnie jak wspomniana jedynka &#8211; \u0142\u0105cz\u0105 linie promieniste jad\u0105c po 3\/4 nieco cia\u015bniejszego okr\u0119gu. Tramwaje obu linii, r\u00f3\u017cni\u0105cych si\u0119 tylko paroma przystankami na po\u0142udniowym ko\u0144cu trasy, kursuj\u0105 co [&hellip;]<\/p>\n","protected":false},"author":1,"featured_media":10945,"comment_status":"open","ping_status":"","sticky":false,"template":"","format":"standard","meta":{"footnotes":""},"categories":[48,3],"tags":[2815,34,147,144,143,381,105,90],"class_list":["post-10924","post","type-post","status-publish","format-standard","has-post-thumbnail","hentry","category-rok-2014","category-tramwaj","tag-2014-06-17","tag-architektura","tag-bkv-budapest","tag-budapeszt","tag-ponad-30m","tag-siemens-combino","tag-wegry","tag-wieczorem"],"_links":{"self":[{"href":"https:\/\/wgphoto.pl\/t\/index.php?rest_route=\/wp\/v2\/posts\/10924","targetHints":{"allow":["GET"]}}],"collection":[{"href":"https:\/\/wgphoto.pl\/t\/index.php?rest_route=\/wp\/v2\/posts"}],"about":[{"href":"https:\/\/wgphoto.pl\/t\/index.php?rest_route=\/wp\/v2\/types\/post"}],"author":[{"embeddable":true,"href":"https:\/\/wgphoto.pl\/t\/index.php?rest_route=\/wp\/v2\/users\/1"}],"replies":[{"embeddable":true,"href":"https:\/\/wgphoto.pl\/t\/index.php?rest_route=%2Fwp%2Fv2%2Fcomments&post=10924"}],"version-history":[{"count":2,"href":"https:\/\/wgphoto.pl\/t\/index.php?rest_route=\/wp\/v2\/posts\/10924\/revisions"}],"predecessor-version":[{"id":10946,"href":"https:\/\/wgphoto.pl\/t\/index.php?rest_route=\/wp\/v2\/posts\/10924\/revisions\/10946"}],"wp:featuredmedia":[{"embeddable":true,"href":"https:\/\/wgphoto.pl\/t\/index.php?rest_route=\/wp\/v2\/media\/10945"}],"wp:attachment":[{"href":"https:\/\/wgphoto.pl\/t\/index.php?rest_route=%2Fwp%2Fv2%2Fmedia&parent=10924"}],"wp:term":[{"taxonomy":"category","embeddable":true,"href":"https:\/\/wgphoto.pl\/t\/index.php?rest_route=%2Fwp%2Fv2%2Fcategories&post=10924"},{"taxonomy":"post_tag","embeddable":true,"href":"https:\/\/wgphoto.pl\/t\/index.php?rest_route=%2Fwp%2Fv2%2Ftags&post=10924"}],"curies":[{"name":"wp","href":"https:\/\/api.w.org\/{rel}","templated":true}]}}