{"id":10936,"date":"2025-01-27T22:20:40","date_gmt":"2025-01-27T21:20:40","guid":{"rendered":"https:\/\/wgphoto.pl\/t\/?p=10936"},"modified":"2025-01-27T22:20:40","modified_gmt":"2025-01-27T21:20:40","slug":"su45-128","status":"publish","type":"post","link":"https:\/\/wgphoto.pl\/t\/?p=10936","title":{"rendered":"SU45-128"},"content":{"rendered":"\n<figure class=\"wp-block-image aligncenter size-full\"><img loading=\"lazy\" decoding=\"async\" width=\"1200\" height=\"770\" src=\"https:\/\/wgphoto.pl\/t\/wp-content\/uploads\/2025\/01\/0809-04.jpg\" alt=\"\" class=\"wp-image-10937\" srcset=\"https:\/\/wgphoto.pl\/t\/wp-content\/uploads\/2025\/01\/0809-04.jpg 1200w, https:\/\/wgphoto.pl\/t\/wp-content\/uploads\/2025\/01\/0809-04-300x193.jpg 300w, https:\/\/wgphoto.pl\/t\/wp-content\/uploads\/2025\/01\/0809-04-768x493.jpg 768w\" sizes=\"auto, (max-width: 1200px) 100vw, 1200px\" \/><\/figure>\n\n\n\n<div class=\"wp-block-group has-global-padding is-layout-constrained wp-block-group-is-layout-constrained\">\n<p>Poci\u0105g pospieszny 28107 &#8222;Hetman&#8221; z Zamo\u015bcia do Gorzowa Wielkopolskiego oczekuje pory odjazdu przy peronie w Krzy\u017cu. Powinien tu przej\u0105\u0107 grup\u0119 wagon\u00f3w z Lublina od &#8222;Portowca&#8221; jad\u0105cego do Szczecina, ale z tego co pami\u0119tam, ten drugi mocno si\u0119 op\u00f3\u017ani\u0142 i &#8222;Hetman&#8221; odjecha\u0142 w niepe\u0142nym zestawieniu. 04.08.2008<\/p>\n<\/div>\n","protected":false},"excerpt":{"rendered":"<p>Poci\u0105g pospieszny 28107 &#8222;Hetman&#8221; z Zamo\u015bcia do Gorzowa Wielkopolskiego oczekuje pory odjazdu przy peronie w Krzy\u017cu. Powinien tu przej\u0105\u0107 grup\u0119 wagon\u00f3w z Lublina od &#8222;Portowca&#8221; jad\u0105cego do Szczecina, ale z tego co pami\u0119tam, ten drugi mocno si\u0119 op\u00f3\u017ani\u0142 i &#8222;Hetman&#8221; odjecha\u0142 w niepe\u0142nym zestawieniu. 04.08.2008<\/p>\n","protected":false},"author":1,"featured_media":10937,"comment_status":"open","ping_status":"","sticky":false,"template":"","format":"standard","meta":{"footnotes":""},"categories":[62,2,120],"tags":[1551,592,595,63,27,290,594,90],"class_list":["post-10936","post","type-post","status-publish","format-standard","has-post-thumbnail","hentry","category-analog","category-kolej","category-rok-2008","tag-2008-08-04","tag-krzyz","tag-ostbahn","tag-pkp","tag-polska","tag-su45","tag-tab-pl345","tag-wieczorem"],"_links":{"self":[{"href":"https:\/\/wgphoto.pl\/t\/index.php?rest_route=\/wp\/v2\/posts\/10936","targetHints":{"allow":["GET"]}}],"collection":[{"href":"https:\/\/wgphoto.pl\/t\/index.php?rest_route=\/wp\/v2\/posts"}],"about":[{"href":"https:\/\/wgphoto.pl\/t\/index.php?rest_route=\/wp\/v2\/types\/post"}],"author":[{"embeddable":true,"href":"https:\/\/wgphoto.pl\/t\/index.php?rest_route=\/wp\/v2\/users\/1"}],"replies":[{"embeddable":true,"href":"https:\/\/wgphoto.pl\/t\/index.php?rest_route=%2Fwp%2Fv2%2Fcomments&post=10936"}],"version-history":[{"count":1,"href":"https:\/\/wgphoto.pl\/t\/index.php?rest_route=\/wp\/v2\/posts\/10936\/revisions"}],"predecessor-version":[{"id":10938,"href":"https:\/\/wgphoto.pl\/t\/index.php?rest_route=\/wp\/v2\/posts\/10936\/revisions\/10938"}],"wp:featuredmedia":[{"embeddable":true,"href":"https:\/\/wgphoto.pl\/t\/index.php?rest_route=\/wp\/v2\/media\/10937"}],"wp:attachment":[{"href":"https:\/\/wgphoto.pl\/t\/index.php?rest_route=%2Fwp%2Fv2%2Fmedia&parent=10936"}],"wp:term":[{"taxonomy":"category","embeddable":true,"href":"https:\/\/wgphoto.pl\/t\/index.php?rest_route=%2Fwp%2Fv2%2Fcategories&post=10936"},{"taxonomy":"post_tag","embeddable":true,"href":"https:\/\/wgphoto.pl\/t\/index.php?rest_route=%2Fwp%2Fv2%2Ftags&post=10936"}],"curies":[{"name":"wp","href":"https:\/\/api.w.org\/{rel}","templated":true}]}}