{"id":1094,"date":"2024-10-01T22:04:00","date_gmt":"2024-10-01T20:04:00","guid":{"rendered":"https:\/\/wgphoto.pl\/t\/?p=1094"},"modified":"2024-10-01T22:04:30","modified_gmt":"2024-10-01T20:04:30","slug":"kwietniowa-sniezyca","status":"publish","type":"post","link":"https:\/\/wgphoto.pl\/t\/?p=1094","title":{"rendered":"Kwietniowa \u015bnie\u017cyca"},"content":{"rendered":"\n<figure class=\"wp-block-image aligncenter size-full\"><img loading=\"lazy\" decoding=\"async\" width=\"700\" height=\"1198\" src=\"https:\/\/wgphoto.pl\/t\/wp-content\/uploads\/2024\/10\/IMGP0347.jpg\" alt=\"\" class=\"wp-image-1095\" srcset=\"https:\/\/wgphoto.pl\/t\/wp-content\/uploads\/2024\/10\/IMGP0347.jpg 700w, https:\/\/wgphoto.pl\/t\/wp-content\/uploads\/2024\/10\/IMGP0347-175x300.jpg 175w\" sizes=\"auto, (max-width: 700px) 100vw, 700px\" \/><\/figure>\n\n\n\n<div class=\"wp-block-group has-global-padding is-layout-constrained wp-block-group-is-layout-constrained\">\n<p>Szlak \u0160pi\u010d\u00e1k &#8211; Hamry-Hojsova Str\u00e1\u017e. Poci\u0105g 7547 relacji \u017delezn\u00e1 Ruda-Al\u017eb\u011bt\u00edn &#8211; Klatovy, prowadzony wagonem motorowym 842 007-7, wy\u0142ania si\u0119 z tunelu pod g\u00f3r\u0105 \u0160pi\u010d\u00e1k. Do 2007 by\u0142 to najd\u0142u\u017cszy kolejowy tunel w Czechach (d\u0142ugo\u015b\u0107 1747 m), jednak obiekt wybudowany nieopodal Chomutova, na prze\u0142o\u017conej z powodu uwolnienia z\u0142\u00f3\u017c w\u0119gla brunatnego trasie w kierunku \u017datce, prze\u015bcign\u0105\u0142 go o 11 metr\u00f3w. Od 2018 roku najd\u0142u\u017cszym tunelem w Czechach jest obiekt wybudowany nieopodal Ejpovic (magistrala Praga &#8211; Pilzno), kt\u00f3ry mierz\u0105c 4150 metr\u00f3w pozostawia konkurencj\u0119 daleko w tyle. 14.04.2011<\/p>\n<\/div>\n","protected":false},"excerpt":{"rendered":"<p>Szlak \u0160pi\u010d\u00e1k &#8211; Hamry-Hojsova Str\u00e1\u017e. Poci\u0105g 7547 relacji \u017delezn\u00e1 Ruda-Al\u017eb\u011bt\u00edn &#8211; Klatovy, prowadzony wagonem motorowym 842 007-7, wy\u0142ania si\u0119 z tunelu pod g\u00f3r\u0105 \u0160pi\u010d\u00e1k. Do 2007 by\u0142 to najd\u0142u\u017cszy kolejowy tunel w Czechach (d\u0142ugo\u015b\u0107 1747 m), jednak obiekt wybudowany nieopodal Chomutova, na prze\u0142o\u017conej z powodu uwolnienia z\u0142\u00f3\u017c w\u0119gla brunatnego trasie w kierunku \u017datce, prze\u015bcign\u0105\u0142 go [&hellip;]<\/p>\n","protected":false},"author":1,"featured_media":1095,"comment_status":"open","ping_status":"","sticky":false,"template":"","format":"standard","meta":{"footnotes":""},"categories":[2,128,77],"tags":[456,525,50,49,524,44,523,522,15],"class_list":["post-1094","post","type-post","status-publish","format-standard","has-post-thumbnail","hentry","category-kolej","category-pionowe","category-rok-2011","tag-2011-04-14","tag-525","tag-cd","tag-czechy","tag-hojsova-straz-brcalnik","tag-snieg","tag-spicak","tag-tab-cz183","tag-tunel"],"_links":{"self":[{"href":"https:\/\/wgphoto.pl\/t\/index.php?rest_route=\/wp\/v2\/posts\/1094","targetHints":{"allow":["GET"]}}],"collection":[{"href":"https:\/\/wgphoto.pl\/t\/index.php?rest_route=\/wp\/v2\/posts"}],"about":[{"href":"https:\/\/wgphoto.pl\/t\/index.php?rest_route=\/wp\/v2\/types\/post"}],"author":[{"embeddable":true,"href":"https:\/\/wgphoto.pl\/t\/index.php?rest_route=\/wp\/v2\/users\/1"}],"replies":[{"embeddable":true,"href":"https:\/\/wgphoto.pl\/t\/index.php?rest_route=%2Fwp%2Fv2%2Fcomments&post=1094"}],"version-history":[{"count":1,"href":"https:\/\/wgphoto.pl\/t\/index.php?rest_route=\/wp\/v2\/posts\/1094\/revisions"}],"predecessor-version":[{"id":1096,"href":"https:\/\/wgphoto.pl\/t\/index.php?rest_route=\/wp\/v2\/posts\/1094\/revisions\/1096"}],"wp:featuredmedia":[{"embeddable":true,"href":"https:\/\/wgphoto.pl\/t\/index.php?rest_route=\/wp\/v2\/media\/1095"}],"wp:attachment":[{"href":"https:\/\/wgphoto.pl\/t\/index.php?rest_route=%2Fwp%2Fv2%2Fmedia&parent=1094"}],"wp:term":[{"taxonomy":"category","embeddable":true,"href":"https:\/\/wgphoto.pl\/t\/index.php?rest_route=%2Fwp%2Fv2%2Fcategories&post=1094"},{"taxonomy":"post_tag","embeddable":true,"href":"https:\/\/wgphoto.pl\/t\/index.php?rest_route=%2Fwp%2Fv2%2Ftags&post=1094"}],"curies":[{"name":"wp","href":"https:\/\/api.w.org\/{rel}","templated":true}]}}