{"id":10957,"date":"2025-01-28T21:02:13","date_gmt":"2025-01-28T20:02:13","guid":{"rendered":"https:\/\/wgphoto.pl\/t\/?p=10957"},"modified":"2025-01-28T21:02:13","modified_gmt":"2025-01-28T20:02:13","slug":"vilette","status":"publish","type":"post","link":"https:\/\/wgphoto.pl\/t\/?p=10957","title":{"rendered":"Vilette"},"content":{"rendered":"\n<figure class=\"wp-block-image aligncenter size-full\"><img loading=\"lazy\" decoding=\"async\" width=\"1200\" height=\"803\" src=\"https:\/\/wgphoto.pl\/t\/wp-content\/uploads\/2025\/01\/IMGP3345_02.jpg\" alt=\"\" class=\"wp-image-10959\" srcset=\"https:\/\/wgphoto.pl\/t\/wp-content\/uploads\/2025\/01\/IMGP3345_02.jpg 1200w, https:\/\/wgphoto.pl\/t\/wp-content\/uploads\/2025\/01\/IMGP3345_02-300x201.jpg 300w, https:\/\/wgphoto.pl\/t\/wp-content\/uploads\/2025\/01\/IMGP3345_02-768x514.jpg 768w\" sizes=\"auto, (max-width: 1200px) 100vw, 1200px\" \/><\/figure>\n\n\n\n<div class=\"wp-block-group has-global-padding is-layout-constrained wp-block-group-is-layout-constrained\">\n<p>Belgijska &#8222;stodw\u00f3jka&#8221; zatrzymuje si\u0119 na przystanku Villette. Wej\u015bcie na peron tej stacji mie\u015bci si\u0119 po\u015brodku niczego, nieca\u0142e 180 metr\u00f3w od peronu przystanku przydworcowego. To niestety jedyne zdj\u0119cie, na kt\u00f3rym uda\u0142o mi si\u0119 z\u0142apa\u0107 w kadr element przemys\u0142owego krajobrazu tego miasta. 16.05.2010<\/p>\n<\/div>\n","protected":false},"excerpt":{"rendered":"<p>Belgijska &#8222;stodw\u00f3jka&#8221; zatrzymuje si\u0119 na przystanku Villette. Wej\u015bcie na peron tej stacji mie\u015bci si\u0119 po\u015brodku niczego, nieca\u0142e 180 metr\u00f3w od peronu przystanku przydworcowego. To niestety jedyne zdj\u0119cie, na kt\u00f3rym uda\u0142o mi si\u0119 z\u0142apa\u0107 w kadr element przemys\u0142owego krajobrazu tego miasta. 16.05.2010<\/p>\n","protected":false},"author":1,"featured_media":10959,"comment_status":"open","ping_status":"","sticky":false,"template":"","format":"standard","meta":{"footnotes":""},"categories":[4,86,3],"tags":[815,695,814,812,303,813],"class_list":["post-10957","post","type-post","status-publish","format-standard","has-post-thumbnail","hentry","category-metro","category-rok-2010","category-tramwaj","tag-2010-05-16","tag-belgia","tag-bn-lrv","tag-charleroi","tag-industrial","tag-tec-charleroi"],"_links":{"self":[{"href":"https:\/\/wgphoto.pl\/t\/index.php?rest_route=\/wp\/v2\/posts\/10957","targetHints":{"allow":["GET"]}}],"collection":[{"href":"https:\/\/wgphoto.pl\/t\/index.php?rest_route=\/wp\/v2\/posts"}],"about":[{"href":"https:\/\/wgphoto.pl\/t\/index.php?rest_route=\/wp\/v2\/types\/post"}],"author":[{"embeddable":true,"href":"https:\/\/wgphoto.pl\/t\/index.php?rest_route=\/wp\/v2\/users\/1"}],"replies":[{"embeddable":true,"href":"https:\/\/wgphoto.pl\/t\/index.php?rest_route=%2Fwp%2Fv2%2Fcomments&post=10957"}],"version-history":[{"count":1,"href":"https:\/\/wgphoto.pl\/t\/index.php?rest_route=\/wp\/v2\/posts\/10957\/revisions"}],"predecessor-version":[{"id":10960,"href":"https:\/\/wgphoto.pl\/t\/index.php?rest_route=\/wp\/v2\/posts\/10957\/revisions\/10960"}],"wp:featuredmedia":[{"embeddable":true,"href":"https:\/\/wgphoto.pl\/t\/index.php?rest_route=\/wp\/v2\/media\/10959"}],"wp:attachment":[{"href":"https:\/\/wgphoto.pl\/t\/index.php?rest_route=%2Fwp%2Fv2%2Fmedia&parent=10957"}],"wp:term":[{"taxonomy":"category","embeddable":true,"href":"https:\/\/wgphoto.pl\/t\/index.php?rest_route=%2Fwp%2Fv2%2Fcategories&post=10957"},{"taxonomy":"post_tag","embeddable":true,"href":"https:\/\/wgphoto.pl\/t\/index.php?rest_route=%2Fwp%2Fv2%2Ftags&post=10957"}],"curies":[{"name":"wp","href":"https:\/\/api.w.org\/{rel}","templated":true}]}}