{"id":10970,"date":"2025-01-28T21:06:34","date_gmt":"2025-01-28T20:06:34","guid":{"rendered":"https:\/\/wgphoto.pl\/t\/?p=10970"},"modified":"2025-01-28T21:06:34","modified_gmt":"2025-01-28T20:06:34","slug":"providence","status":"publish","type":"post","link":"https:\/\/wgphoto.pl\/t\/?p=10970","title":{"rendered":"Providence"},"content":{"rendered":"\n<figure class=\"wp-block-image aligncenter size-full\"><img loading=\"lazy\" decoding=\"async\" width=\"1200\" height=\"795\" src=\"https:\/\/wgphoto.pl\/t\/wp-content\/uploads\/2025\/01\/IMGP5074.jpg\" alt=\"\" class=\"wp-image-10971\" srcset=\"https:\/\/wgphoto.pl\/t\/wp-content\/uploads\/2025\/01\/IMGP5074.jpg 1200w, https:\/\/wgphoto.pl\/t\/wp-content\/uploads\/2025\/01\/IMGP5074-300x199.jpg 300w, https:\/\/wgphoto.pl\/t\/wp-content\/uploads\/2025\/01\/IMGP5074-768x509.jpg 768w\" sizes=\"auto, (max-width: 1200px) 100vw, 1200px\" \/><\/figure>\n\n\n\n<div class=\"wp-block-group has-global-padding is-layout-constrained wp-block-group-is-layout-constrained\">\n<p>Poci\u0105g metra (to brzmi dumnie) linii M1 na przystanku Providence. Okolica jest bardzo sympatyczna &#8211; sam przemys\u0142, niby dzia\u0142aj\u0105cy, ale \u017cywej duszy tam nie widzia\u0142em. A stacja wygl\u0105da tak, \u017ce zastanawia\u0142em si\u0119, czy jeszcze jest w og\u00f3le czynna. Nawierzchnia zdarta, peron przegrodzony p\u0142otem, rozk\u0142adu jazdy brak. To wygl\u0105da\u0142o jak plan zdj\u0119ciowy jakiego\u015b postapokaliptycznego filmu. Na szcz\u0119\u015bcie z happy endem, bo tramwaj zatrzyma\u0142 si\u0119 i mnie st\u0105d zabra\u0142. \ud83d\ude09 08.11.2017<\/p>\n<\/div>\n","protected":false},"excerpt":{"rendered":"<p>Poci\u0105g metra (to brzmi dumnie) linii M1 na przystanku Providence. Okolica jest bardzo sympatyczna &#8211; sam przemys\u0142, niby dzia\u0142aj\u0105cy, ale \u017cywej duszy tam nie widzia\u0142em. A stacja wygl\u0105da tak, \u017ce zastanawia\u0142em si\u0119, czy jeszcze jest w og\u00f3le czynna. Nawierzchnia zdarta, peron przegrodzony p\u0142otem, rozk\u0142adu jazdy brak. To wygl\u0105da\u0142o jak plan zdj\u0119ciowy jakiego\u015b postapokaliptycznego filmu. Na [&hellip;]<\/p>\n","protected":false},"author":1,"featured_media":10971,"comment_status":"open","ping_status":"","sticky":false,"template":"","format":"standard","meta":{"footnotes":""},"categories":[4,368,3],"tags":[2643,695,814,812,13,303,813,839],"class_list":["post-10970","post","type-post","status-publish","format-standard","has-post-thumbnail","hentry","category-metro","category-rok-2017","category-tramwaj","tag-2017-11-08","tag-belgia","tag-bn-lrv","tag-charleroi","tag-deszcz","tag-industrial","tag-tec-charleroi","tag-wakacje-2017"],"_links":{"self":[{"href":"https:\/\/wgphoto.pl\/t\/index.php?rest_route=\/wp\/v2\/posts\/10970","targetHints":{"allow":["GET"]}}],"collection":[{"href":"https:\/\/wgphoto.pl\/t\/index.php?rest_route=\/wp\/v2\/posts"}],"about":[{"href":"https:\/\/wgphoto.pl\/t\/index.php?rest_route=\/wp\/v2\/types\/post"}],"author":[{"embeddable":true,"href":"https:\/\/wgphoto.pl\/t\/index.php?rest_route=\/wp\/v2\/users\/1"}],"replies":[{"embeddable":true,"href":"https:\/\/wgphoto.pl\/t\/index.php?rest_route=%2Fwp%2Fv2%2Fcomments&post=10970"}],"version-history":[{"count":1,"href":"https:\/\/wgphoto.pl\/t\/index.php?rest_route=\/wp\/v2\/posts\/10970\/revisions"}],"predecessor-version":[{"id":10972,"href":"https:\/\/wgphoto.pl\/t\/index.php?rest_route=\/wp\/v2\/posts\/10970\/revisions\/10972"}],"wp:featuredmedia":[{"embeddable":true,"href":"https:\/\/wgphoto.pl\/t\/index.php?rest_route=\/wp\/v2\/media\/10971"}],"wp:attachment":[{"href":"https:\/\/wgphoto.pl\/t\/index.php?rest_route=%2Fwp%2Fv2%2Fmedia&parent=10970"}],"wp:term":[{"taxonomy":"category","embeddable":true,"href":"https:\/\/wgphoto.pl\/t\/index.php?rest_route=%2Fwp%2Fv2%2Fcategories&post=10970"},{"taxonomy":"post_tag","embeddable":true,"href":"https:\/\/wgphoto.pl\/t\/index.php?rest_route=%2Fwp%2Fv2%2Ftags&post=10970"}],"curies":[{"name":"wp","href":"https:\/\/api.w.org\/{rel}","templated":true}]}}