{"id":10973,"date":"2025-01-28T21:07:32","date_gmt":"2025-01-28T20:07:32","guid":{"rendered":"https:\/\/wgphoto.pl\/t\/?p=10973"},"modified":"2025-01-28T21:07:32","modified_gmt":"2025-01-28T20:07:32","slug":"ouest","status":"publish","type":"post","link":"https:\/\/wgphoto.pl\/t\/?p=10973","title":{"rendered":"Ouest"},"content":{"rendered":"\n<figure class=\"wp-block-image aligncenter size-full\"><img loading=\"lazy\" decoding=\"async\" width=\"1300\" height=\"861\" src=\"https:\/\/wgphoto.pl\/t\/wp-content\/uploads\/2025\/01\/IMGP5017.jpg\" alt=\"\" class=\"wp-image-10974\" srcset=\"https:\/\/wgphoto.pl\/t\/wp-content\/uploads\/2025\/01\/IMGP5017.jpg 1300w, https:\/\/wgphoto.pl\/t\/wp-content\/uploads\/2025\/01\/IMGP5017-300x199.jpg 300w, https:\/\/wgphoto.pl\/t\/wp-content\/uploads\/2025\/01\/IMGP5017-768x509.jpg 768w\" sizes=\"auto, (max-width: 1300px) 100vw, 1300px\" \/><\/figure>\n\n\n\n<div class=\"wp-block-group has-global-padding is-layout-constrained wp-block-group-is-layout-constrained\">\n<p>Mo\u017ce tego nie wida\u0107, ale tutaj by\u0142o ekstremalnie ciemno, mimo \u017ce tunel jest udawany. Przykryty dachem jest tylko odcinek na d\u0142ugo\u015b\u0107 stacji, na g\u00f3rze znajduje si\u0119 trawnik i kawa\u0142ek parkingu. Po prawej, na tym samym poziomie albo i ni\u017cej, przebiega linia kolejowa, oczywi\u015bcie pod go\u0142ym niebem, wi\u0119c \u0142atwo by\u0142o zaaran\u017cowa\u0107 tu jakie\u015b otwory do\u015bwietlaj\u0105ce, ale po co skoro mo\u017cna trzyma\u0107 tych nielicznych pasa\u017cer\u00f3w bez kontaktu ze \u015bwiatem zewn\u0119trznym, kt\u00f3ry jest na wyci\u0105gni\u0119cie r\u0119ki. 2017-11-08<\/p>\n<\/div>\n","protected":false},"excerpt":{"rendered":"<p>Mo\u017ce tego nie wida\u0107, ale tutaj by\u0142o ekstremalnie ciemno, mimo \u017ce tunel jest udawany. Przykryty dachem jest tylko odcinek na d\u0142ugo\u015b\u0107 stacji, na g\u00f3rze znajduje si\u0119 trawnik i kawa\u0142ek parkingu. Po prawej, na tym samym poziomie albo i ni\u017cej, przebiega linia kolejowa, oczywi\u015bcie pod go\u0142ym niebem, wi\u0119c \u0142atwo by\u0142o zaaran\u017cowa\u0107 tu jakie\u015b otwory do\u015bwietlaj\u0105ce, ale [&hellip;]<\/p>\n","protected":false},"author":1,"featured_media":10974,"comment_status":"open","ping_status":"","sticky":false,"template":"","format":"standard","meta":{"footnotes":""},"categories":[4,368,3],"tags":[2643,695,814,812,389,813,15,839],"class_list":["post-10973","post","type-post","status-publish","format-standard","has-post-thumbnail","hentry","category-metro","category-rok-2017","category-tramwaj","tag-2017-11-08","tag-belgia","tag-bn-lrv","tag-charleroi","tag-mijanka","tag-tec-charleroi","tag-tunel","tag-wakacje-2017"],"_links":{"self":[{"href":"https:\/\/wgphoto.pl\/t\/index.php?rest_route=\/wp\/v2\/posts\/10973","targetHints":{"allow":["GET"]}}],"collection":[{"href":"https:\/\/wgphoto.pl\/t\/index.php?rest_route=\/wp\/v2\/posts"}],"about":[{"href":"https:\/\/wgphoto.pl\/t\/index.php?rest_route=\/wp\/v2\/types\/post"}],"author":[{"embeddable":true,"href":"https:\/\/wgphoto.pl\/t\/index.php?rest_route=\/wp\/v2\/users\/1"}],"replies":[{"embeddable":true,"href":"https:\/\/wgphoto.pl\/t\/index.php?rest_route=%2Fwp%2Fv2%2Fcomments&post=10973"}],"version-history":[{"count":1,"href":"https:\/\/wgphoto.pl\/t\/index.php?rest_route=\/wp\/v2\/posts\/10973\/revisions"}],"predecessor-version":[{"id":10975,"href":"https:\/\/wgphoto.pl\/t\/index.php?rest_route=\/wp\/v2\/posts\/10973\/revisions\/10975"}],"wp:featuredmedia":[{"embeddable":true,"href":"https:\/\/wgphoto.pl\/t\/index.php?rest_route=\/wp\/v2\/media\/10974"}],"wp:attachment":[{"href":"https:\/\/wgphoto.pl\/t\/index.php?rest_route=%2Fwp%2Fv2%2Fmedia&parent=10973"}],"wp:term":[{"taxonomy":"category","embeddable":true,"href":"https:\/\/wgphoto.pl\/t\/index.php?rest_route=%2Fwp%2Fv2%2Fcategories&post=10973"},{"taxonomy":"post_tag","embeddable":true,"href":"https:\/\/wgphoto.pl\/t\/index.php?rest_route=%2Fwp%2Fv2%2Ftags&post=10973"}],"curies":[{"name":"wp","href":"https:\/\/api.w.org\/{rel}","templated":true}]}}