{"id":10976,"date":"2025-01-28T21:08:31","date_gmt":"2025-01-28T20:08:31","guid":{"rendered":"https:\/\/wgphoto.pl\/t\/?p=10976"},"modified":"2025-01-28T21:08:31","modified_gmt":"2025-01-28T20:08:31","slug":"15-godziny","status":"publish","type":"post","link":"https:\/\/wgphoto.pl\/t\/?p=10976","title":{"rendered":"1,5 godziny"},"content":{"rendered":"\n<figure class=\"wp-block-image aligncenter size-full\"><img loading=\"lazy\" decoding=\"async\" width=\"1200\" height=\"795\" src=\"https:\/\/wgphoto.pl\/t\/wp-content\/uploads\/2025\/01\/IMGP5116.jpg\" alt=\"\" class=\"wp-image-10977\" srcset=\"https:\/\/wgphoto.pl\/t\/wp-content\/uploads\/2025\/01\/IMGP5116.jpg 1200w, https:\/\/wgphoto.pl\/t\/wp-content\/uploads\/2025\/01\/IMGP5116-300x199.jpg 300w, https:\/\/wgphoto.pl\/t\/wp-content\/uploads\/2025\/01\/IMGP5116-768x509.jpg 768w\" sizes=\"auto, (max-width: 1200px) 100vw, 1200px\" \/><\/figure>\n\n\n\n<div class=\"wp-block-group has-global-padding is-layout-constrained wp-block-group-is-layout-constrained\">\n<p>Odcinek Providence &#8211; Dampremy. Rozk\u0142adowo w dni robocze powinny t\u0119dy je\u017adzi\u0107 dwie linie, co p\u00f3\u0142 godziny ka\u017cda &#8211; ju\u017c samo to jest fantastyczn\u0105 cz\u0119stotliwo\u015bci\u0105 jak na metro. Ale akurat tego dnia odbywa\u0142 si\u0119 strajk, w wyniku kt\u00f3rego linia M2 nie je\u017adzi\u0142a wcale, a na M1 w\u0142a\u015bnie wypad\u0142y dwa kursy. Tramwaj ze zdj\u0119cia jest pierwszym od 90 minut. 08.11.2017<\/p>\n<\/div>\n","protected":false},"excerpt":{"rendered":"<p>Odcinek Providence &#8211; Dampremy. Rozk\u0142adowo w dni robocze powinny t\u0119dy je\u017adzi\u0107 dwie linie, co p\u00f3\u0142 godziny ka\u017cda &#8211; ju\u017c samo to jest fantastyczn\u0105 cz\u0119stotliwo\u015bci\u0105 jak na metro. Ale akurat tego dnia odbywa\u0142 si\u0119 strajk, w wyniku kt\u00f3rego linia M2 nie je\u017adzi\u0142a wcale, a na M1 w\u0142a\u015bnie wypad\u0142y dwa kursy. Tramwaj ze zdj\u0119cia jest pierwszym od [&hellip;]<\/p>\n","protected":false},"author":1,"featured_media":10977,"comment_status":"open","ping_status":"","sticky":false,"template":"","format":"standard","meta":{"footnotes":""},"categories":[4,368,3],"tags":[2643,695,814,812,13,303,118,813,839],"class_list":["post-10976","post","type-post","status-publish","format-standard","has-post-thumbnail","hentry","category-metro","category-rok-2017","category-tramwaj","tag-2017-11-08","tag-belgia","tag-bn-lrv","tag-charleroi","tag-deszcz","tag-industrial","tag-plany-i-profile","tag-tec-charleroi","tag-wakacje-2017"],"_links":{"self":[{"href":"https:\/\/wgphoto.pl\/t\/index.php?rest_route=\/wp\/v2\/posts\/10976","targetHints":{"allow":["GET"]}}],"collection":[{"href":"https:\/\/wgphoto.pl\/t\/index.php?rest_route=\/wp\/v2\/posts"}],"about":[{"href":"https:\/\/wgphoto.pl\/t\/index.php?rest_route=\/wp\/v2\/types\/post"}],"author":[{"embeddable":true,"href":"https:\/\/wgphoto.pl\/t\/index.php?rest_route=\/wp\/v2\/users\/1"}],"replies":[{"embeddable":true,"href":"https:\/\/wgphoto.pl\/t\/index.php?rest_route=%2Fwp%2Fv2%2Fcomments&post=10976"}],"version-history":[{"count":1,"href":"https:\/\/wgphoto.pl\/t\/index.php?rest_route=\/wp\/v2\/posts\/10976\/revisions"}],"predecessor-version":[{"id":10978,"href":"https:\/\/wgphoto.pl\/t\/index.php?rest_route=\/wp\/v2\/posts\/10976\/revisions\/10978"}],"wp:featuredmedia":[{"embeddable":true,"href":"https:\/\/wgphoto.pl\/t\/index.php?rest_route=\/wp\/v2\/media\/10977"}],"wp:attachment":[{"href":"https:\/\/wgphoto.pl\/t\/index.php?rest_route=%2Fwp%2Fv2%2Fmedia&parent=10976"}],"wp:term":[{"taxonomy":"category","embeddable":true,"href":"https:\/\/wgphoto.pl\/t\/index.php?rest_route=%2Fwp%2Fv2%2Fcategories&post=10976"},{"taxonomy":"post_tag","embeddable":true,"href":"https:\/\/wgphoto.pl\/t\/index.php?rest_route=%2Fwp%2Fv2%2Ftags&post=10976"}],"curies":[{"name":"wp","href":"https:\/\/api.w.org\/{rel}","templated":true}]}}