{"id":10979,"date":"2025-01-28T21:09:27","date_gmt":"2025-01-28T20:09:27","guid":{"rendered":"https:\/\/wgphoto.pl\/t\/?p=10979"},"modified":"2025-01-28T21:09:27","modified_gmt":"2025-01-28T20:09:27","slug":"gdyby-w-gop-ie-bylo-metro","status":"publish","type":"post","link":"https:\/\/wgphoto.pl\/t\/?p=10979","title":{"rendered":"Gdyby w GOP-ie by\u0142o metro"},"content":{"rendered":"\n<figure class=\"wp-block-image aligncenter size-full\"><img loading=\"lazy\" decoding=\"async\" width=\"1300\" height=\"861\" src=\"https:\/\/wgphoto.pl\/t\/wp-content\/uploads\/2025\/01\/IMGP5007.jpg\" alt=\"\" class=\"wp-image-10980\" srcset=\"https:\/\/wgphoto.pl\/t\/wp-content\/uploads\/2025\/01\/IMGP5007.jpg 1300w, https:\/\/wgphoto.pl\/t\/wp-content\/uploads\/2025\/01\/IMGP5007-300x199.jpg 300w, https:\/\/wgphoto.pl\/t\/wp-content\/uploads\/2025\/01\/IMGP5007-768x509.jpg 768w\" sizes=\"auto, (max-width: 1300px) 100vw, 1300px\" \/><\/figure>\n\n\n\n<div class=\"wp-block-group has-global-padding is-layout-constrained wp-block-group-is-layout-constrained\">\n<p>Odcinek Gilly &#8211; Marabout, jeden z kilku o ruchu lewostronnym. Fragment ten nale\u017cy do otwartego w 2012 roku przed\u0142u\u017cenia z Gilly do Soleilmont, dzi\u0119ki kt\u00f3remu uko\u0144czono w ca\u0142o\u015bci drug\u0105 (i jak dot\u0105d ostatni\u0105) spo\u015br\u00f3d o\u015bmiu tras zaplanowanych w latach 70-tych. Mo\u017cna przy okazji zaobserwowa\u0107 zagospodarowanie teren\u00f3w, jakie \u0142\u0105czy metro. Osiedle tu, osiedle tam, a po\u015brodku krzaki &#8211; taki belgijski GOP. 2017-11-08<\/p>\n<\/div>\n","protected":false},"excerpt":{"rendered":"<p>Odcinek Gilly &#8211; Marabout, jeden z kilku o ruchu lewostronnym. Fragment ten nale\u017cy do otwartego w 2012 roku przed\u0142u\u017cenia z Gilly do Soleilmont, dzi\u0119ki kt\u00f3remu uko\u0144czono w ca\u0142o\u015bci drug\u0105 (i jak dot\u0105d ostatni\u0105) spo\u015br\u00f3d o\u015bmiu tras zaplanowanych w latach 70-tych. Mo\u017cna przy okazji zaobserwowa\u0107 zagospodarowanie teren\u00f3w, jakie \u0142\u0105czy metro. Osiedle tu, osiedle tam, a po\u015brodku [&hellip;]<\/p>\n","protected":false},"author":1,"featured_media":10980,"comment_status":"open","ping_status":"","sticky":false,"template":"","format":"standard","meta":{"footnotes":""},"categories":[4,368,3],"tags":[2643,695,814,812,13,173,813,839],"class_list":["post-10979","post","type-post","status-publish","format-standard","has-post-thumbnail","hentry","category-metro","category-rok-2017","category-tramwaj","tag-2017-11-08","tag-belgia","tag-bn-lrv","tag-charleroi","tag-deszcz","tag-koncowki","tag-tec-charleroi","tag-wakacje-2017"],"_links":{"self":[{"href":"https:\/\/wgphoto.pl\/t\/index.php?rest_route=\/wp\/v2\/posts\/10979","targetHints":{"allow":["GET"]}}],"collection":[{"href":"https:\/\/wgphoto.pl\/t\/index.php?rest_route=\/wp\/v2\/posts"}],"about":[{"href":"https:\/\/wgphoto.pl\/t\/index.php?rest_route=\/wp\/v2\/types\/post"}],"author":[{"embeddable":true,"href":"https:\/\/wgphoto.pl\/t\/index.php?rest_route=\/wp\/v2\/users\/1"}],"replies":[{"embeddable":true,"href":"https:\/\/wgphoto.pl\/t\/index.php?rest_route=%2Fwp%2Fv2%2Fcomments&post=10979"}],"version-history":[{"count":1,"href":"https:\/\/wgphoto.pl\/t\/index.php?rest_route=\/wp\/v2\/posts\/10979\/revisions"}],"predecessor-version":[{"id":10981,"href":"https:\/\/wgphoto.pl\/t\/index.php?rest_route=\/wp\/v2\/posts\/10979\/revisions\/10981"}],"wp:featuredmedia":[{"embeddable":true,"href":"https:\/\/wgphoto.pl\/t\/index.php?rest_route=\/wp\/v2\/media\/10980"}],"wp:attachment":[{"href":"https:\/\/wgphoto.pl\/t\/index.php?rest_route=%2Fwp%2Fv2%2Fmedia&parent=10979"}],"wp:term":[{"taxonomy":"category","embeddable":true,"href":"https:\/\/wgphoto.pl\/t\/index.php?rest_route=%2Fwp%2Fv2%2Fcategories&post=10979"},{"taxonomy":"post_tag","embeddable":true,"href":"https:\/\/wgphoto.pl\/t\/index.php?rest_route=%2Fwp%2Fv2%2Ftags&post=10979"}],"curies":[{"name":"wp","href":"https:\/\/api.w.org\/{rel}","templated":true}]}}