{"id":10989,"date":"2025-01-28T21:12:49","date_gmt":"2025-01-28T20:12:49","guid":{"rendered":"https:\/\/wgphoto.pl\/t\/?p=10989"},"modified":"2025-01-28T21:12:49","modified_gmt":"2025-01-28T20:12:49","slug":"rumunski-ratunek","status":"publish","type":"post","link":"https:\/\/wgphoto.pl\/t\/?p=10989","title":{"rendered":"Rumu\u0144ski ratunek"},"content":{"rendered":"\n<figure class=\"wp-block-image aligncenter size-full\"><img loading=\"lazy\" decoding=\"async\" width=\"1200\" height=\"803\" src=\"https:\/\/wgphoto.pl\/t\/wp-content\/uploads\/2025\/01\/IMGP4441.jpg\" alt=\"\" class=\"wp-image-10990\" srcset=\"https:\/\/wgphoto.pl\/t\/wp-content\/uploads\/2025\/01\/IMGP4441.jpg 1200w, https:\/\/wgphoto.pl\/t\/wp-content\/uploads\/2025\/01\/IMGP4441-300x201.jpg 300w, https:\/\/wgphoto.pl\/t\/wp-content\/uploads\/2025\/01\/IMGP4441-768x514.jpg 768w\" sizes=\"auto, (max-width: 1200px) 100vw, 1200px\" \/><\/figure>\n\n\n\n<div class=\"wp-block-group has-global-padding is-layout-constrained wp-block-group-is-layout-constrained\">\n<p>Sk\u0142ad EN57, obs\u0142uguj\u0105cy kurs z Wroc\u0142awia do Poznania, zdefektowa\u0142 na wje\u017adzie do Rawicza. Nie uda\u0142o mu si\u0119 dotoczy\u0107 do peron\u00f3w. Tor nr 1 by\u0142 akurat dora\u017anie zamkni\u0119ty (st\u0105d te\u017c jazda torem lewym), wi\u0119c ca\u0142a linia stan\u0119\u0142a. Na ratunek przyby\u0142 kr\u0119c\u0105cy si\u0119 akurat po stacji Rumun. 05.10.2011<\/p>\n<\/div>\n","protected":false},"excerpt":{"rendered":"<p>Sk\u0142ad EN57, obs\u0142uguj\u0105cy kurs z Wroc\u0142awia do Poznania, zdefektowa\u0142 na wje\u017adzie do Rawicza. Nie uda\u0142o mu si\u0119 dotoczy\u0107 do peron\u00f3w. Tor nr 1 by\u0142 akurat dora\u017anie zamkni\u0119ty (st\u0105d te\u017c jazda torem lewym), wi\u0119c ca\u0142a linia stan\u0119\u0142a. Na ratunek przyby\u0142 kr\u0119c\u0105cy si\u0119 akurat po stacji Rumun. 05.10.2011<\/p>\n","protected":false},"author":1,"featured_media":10990,"comment_status":"open","ping_status":"","sticky":false,"template":"","format":"standard","meta":{"footnotes":""},"categories":[2,77],"tags":[3069,745,151,63,27,2275,64,190],"class_list":["post-10989","post","type-post","status-publish","format-standard","has-post-thumbnail","hentry","category-kolej","category-rok-2011","tag-2011-10-05","tag-budowa","tag-ludzie","tag-pkp","tag-polska","tag-rawicz","tag-st43","tag-tab-pl330"],"_links":{"self":[{"href":"https:\/\/wgphoto.pl\/t\/index.php?rest_route=\/wp\/v2\/posts\/10989","targetHints":{"allow":["GET"]}}],"collection":[{"href":"https:\/\/wgphoto.pl\/t\/index.php?rest_route=\/wp\/v2\/posts"}],"about":[{"href":"https:\/\/wgphoto.pl\/t\/index.php?rest_route=\/wp\/v2\/types\/post"}],"author":[{"embeddable":true,"href":"https:\/\/wgphoto.pl\/t\/index.php?rest_route=\/wp\/v2\/users\/1"}],"replies":[{"embeddable":true,"href":"https:\/\/wgphoto.pl\/t\/index.php?rest_route=%2Fwp%2Fv2%2Fcomments&post=10989"}],"version-history":[{"count":1,"href":"https:\/\/wgphoto.pl\/t\/index.php?rest_route=\/wp\/v2\/posts\/10989\/revisions"}],"predecessor-version":[{"id":10991,"href":"https:\/\/wgphoto.pl\/t\/index.php?rest_route=\/wp\/v2\/posts\/10989\/revisions\/10991"}],"wp:featuredmedia":[{"embeddable":true,"href":"https:\/\/wgphoto.pl\/t\/index.php?rest_route=\/wp\/v2\/media\/10990"}],"wp:attachment":[{"href":"https:\/\/wgphoto.pl\/t\/index.php?rest_route=%2Fwp%2Fv2%2Fmedia&parent=10989"}],"wp:term":[{"taxonomy":"category","embeddable":true,"href":"https:\/\/wgphoto.pl\/t\/index.php?rest_route=%2Fwp%2Fv2%2Fcategories&post=10989"},{"taxonomy":"post_tag","embeddable":true,"href":"https:\/\/wgphoto.pl\/t\/index.php?rest_route=%2Fwp%2Fv2%2Ftags&post=10989"}],"curies":[{"name":"wp","href":"https:\/\/api.w.org\/{rel}","templated":true}]}}