{"id":11011,"date":"2025-01-28T21:20:57","date_gmt":"2025-01-28T20:20:57","guid":{"rendered":"https:\/\/wgphoto.pl\/t\/?p=11011"},"modified":"2025-01-28T21:20:57","modified_gmt":"2025-01-28T20:20:57","slug":"dziewiatka-na-zdrowie","status":"publish","type":"post","link":"https:\/\/wgphoto.pl\/t\/?p=11011","title":{"rendered":"Dziewi\u0105tka na Zdrowie"},"content":{"rendered":"\n<figure class=\"wp-block-image aligncenter size-full\"><img loading=\"lazy\" decoding=\"async\" width=\"1200\" height=\"803\" src=\"https:\/\/wgphoto.pl\/t\/wp-content\/uploads\/2025\/01\/IMGP4839.jpg\" alt=\"\" class=\"wp-image-11012\" srcset=\"https:\/\/wgphoto.pl\/t\/wp-content\/uploads\/2025\/01\/IMGP4839.jpg 1200w, https:\/\/wgphoto.pl\/t\/wp-content\/uploads\/2025\/01\/IMGP4839-300x201.jpg 300w, https:\/\/wgphoto.pl\/t\/wp-content\/uploads\/2025\/01\/IMGP4839-768x514.jpg 768w\" sizes=\"auto, (max-width: 1200px) 100vw, 1200px\" \/><\/figure>\n\n\n\n<div class=\"wp-block-group has-global-padding is-layout-constrained wp-block-group-is-layout-constrained\">\n<p>Sk\u0142ad klasycznych 805Na jedzie wzd\u0142u\u017c Parku im. marsza\u0142ka J\u00f3zefa Pi\u0142sudskiego i za dwa przystanki dotrze do ko\u0144ca swojej trasy. 2011-10-25<\/p>\n<\/div>\n","protected":false},"excerpt":{"rendered":"<p>Sk\u0142ad klasycznych 805Na jedzie wzd\u0142u\u017c Parku im. marsza\u0142ka J\u00f3zefa Pi\u0142sudskiego i za dwa przystanki dotrze do ko\u0144ca swojej trasy. 2011-10-25<\/p>\n","protected":false},"author":1,"featured_media":11012,"comment_status":"open","ping_status":"","sticky":false,"template":"","format":"standard","meta":{"footnotes":""},"categories":[77,3],"tags":[867,126,916,773,776,27],"class_list":["post-11011","post","type-post","status-publish","format-standard","has-post-thumbnail","hentry","category-rok-2011","category-tramwaj","tag-2011-10-25","tag-jesien","tag-konstal-805na","tag-lodz","tag-mpk-lodz","tag-polska"],"_links":{"self":[{"href":"https:\/\/wgphoto.pl\/t\/index.php?rest_route=\/wp\/v2\/posts\/11011","targetHints":{"allow":["GET"]}}],"collection":[{"href":"https:\/\/wgphoto.pl\/t\/index.php?rest_route=\/wp\/v2\/posts"}],"about":[{"href":"https:\/\/wgphoto.pl\/t\/index.php?rest_route=\/wp\/v2\/types\/post"}],"author":[{"embeddable":true,"href":"https:\/\/wgphoto.pl\/t\/index.php?rest_route=\/wp\/v2\/users\/1"}],"replies":[{"embeddable":true,"href":"https:\/\/wgphoto.pl\/t\/index.php?rest_route=%2Fwp%2Fv2%2Fcomments&post=11011"}],"version-history":[{"count":1,"href":"https:\/\/wgphoto.pl\/t\/index.php?rest_route=\/wp\/v2\/posts\/11011\/revisions"}],"predecessor-version":[{"id":11013,"href":"https:\/\/wgphoto.pl\/t\/index.php?rest_route=\/wp\/v2\/posts\/11011\/revisions\/11013"}],"wp:featuredmedia":[{"embeddable":true,"href":"https:\/\/wgphoto.pl\/t\/index.php?rest_route=\/wp\/v2\/media\/11012"}],"wp:attachment":[{"href":"https:\/\/wgphoto.pl\/t\/index.php?rest_route=%2Fwp%2Fv2%2Fmedia&parent=11011"}],"wp:term":[{"taxonomy":"category","embeddable":true,"href":"https:\/\/wgphoto.pl\/t\/index.php?rest_route=%2Fwp%2Fv2%2Fcategories&post=11011"},{"taxonomy":"post_tag","embeddable":true,"href":"https:\/\/wgphoto.pl\/t\/index.php?rest_route=%2Fwp%2Fv2%2Ftags&post=11011"}],"curies":[{"name":"wp","href":"https:\/\/api.w.org\/{rel}","templated":true}]}}