{"id":11014,"date":"2025-01-28T21:22:46","date_gmt":"2025-01-28T20:22:46","guid":{"rendered":"https:\/\/wgphoto.pl\/t\/?p=11014"},"modified":"2025-01-28T21:23:01","modified_gmt":"2025-01-28T20:23:01","slug":"niewykorzystany-potencjal","status":"publish","type":"post","link":"https:\/\/wgphoto.pl\/t\/?p=11014","title":{"rendered":"Niewykorzystany potencja\u0142"},"content":{"rendered":"\n<figure class=\"wp-block-image aligncenter size-full\"><img loading=\"lazy\" decoding=\"async\" width=\"1200\" height=\"803\" src=\"https:\/\/wgphoto.pl\/t\/wp-content\/uploads\/2025\/01\/IMGP4849.jpg\" alt=\"\" class=\"wp-image-11015\" srcset=\"https:\/\/wgphoto.pl\/t\/wp-content\/uploads\/2025\/01\/IMGP4849.jpg 1200w, https:\/\/wgphoto.pl\/t\/wp-content\/uploads\/2025\/01\/IMGP4849-300x201.jpg 300w, https:\/\/wgphoto.pl\/t\/wp-content\/uploads\/2025\/01\/IMGP4849-768x514.jpg 768w\" sizes=\"auto, (max-width: 1200px) 100vw, 1200px\" \/><\/figure>\n\n\n\n<div class=\"wp-block-group has-global-padding is-layout-constrained wp-block-group-is-layout-constrained\">\n<p>\u0141\u00f3d\u017a, ul. Konstantynowska. Podmiejska osiemsettr\u00f3jka nie opuszcza jeszcze co prawda granic \u0141odzi, ale zaraz znajdzie si\u0119 za ostatnim odga\u0142\u0119zieniem tramwaj\u00f3w miejskich i zajmie odcinek jednotorowy.<br>W\u0142asna strona ma t\u0119 zalet\u0119, \u017ce nawet takiego knota mo\u017cna wrzuci\u0107. Sam pomys\u0142 rokuje i mo\u017cna go by\u0142o wykorzysta\u0107 lepiej, no ale prezentuj\u0119 to co mam. \ud83d\ude09 25.10.2011<\/p>\n<\/div>\n","protected":false},"excerpt":{"rendered":"<p>\u0141\u00f3d\u017a, ul. Konstantynowska. Podmiejska osiemsettr\u00f3jka nie opuszcza jeszcze co prawda granic \u0141odzi, ale zaraz znajdzie si\u0119 za ostatnim odga\u0142\u0119zieniem tramwaj\u00f3w miejskich i zajmie odcinek jednotorowy.W\u0142asna strona ma t\u0119 zalet\u0119, \u017ce nawet takiego knota mo\u017cna wrzuci\u0107. Sam pomys\u0142 rokuje i mo\u017cna go by\u0142o wykorzysta\u0107 lepiej, no ale prezentuj\u0119 to co mam. \ud83d\ude09 25.10.2011<\/p>\n","protected":false},"author":1,"featured_media":11015,"comment_status":"open","ping_status":"","sticky":false,"template":"","format":"standard","meta":{"footnotes":""},"categories":[77,3],"tags":[867,770,773,771,118,27,181,772],"class_list":["post-11014","post","type-post","status-publish","format-standard","has-post-thumbnail","hentry","category-rok-2011","category-tramwaj","tag-2011-10-25","tag-konstal-803n","tag-lodz","tag-lodz-linie-podmiejskie","tag-plany-i-profile","tag-polska","tag-slonce","tag-tp-lodz"],"_links":{"self":[{"href":"https:\/\/wgphoto.pl\/t\/index.php?rest_route=\/wp\/v2\/posts\/11014","targetHints":{"allow":["GET"]}}],"collection":[{"href":"https:\/\/wgphoto.pl\/t\/index.php?rest_route=\/wp\/v2\/posts"}],"about":[{"href":"https:\/\/wgphoto.pl\/t\/index.php?rest_route=\/wp\/v2\/types\/post"}],"author":[{"embeddable":true,"href":"https:\/\/wgphoto.pl\/t\/index.php?rest_route=\/wp\/v2\/users\/1"}],"replies":[{"embeddable":true,"href":"https:\/\/wgphoto.pl\/t\/index.php?rest_route=%2Fwp%2Fv2%2Fcomments&post=11014"}],"version-history":[{"count":1,"href":"https:\/\/wgphoto.pl\/t\/index.php?rest_route=\/wp\/v2\/posts\/11014\/revisions"}],"predecessor-version":[{"id":11016,"href":"https:\/\/wgphoto.pl\/t\/index.php?rest_route=\/wp\/v2\/posts\/11014\/revisions\/11016"}],"wp:featuredmedia":[{"embeddable":true,"href":"https:\/\/wgphoto.pl\/t\/index.php?rest_route=\/wp\/v2\/media\/11015"}],"wp:attachment":[{"href":"https:\/\/wgphoto.pl\/t\/index.php?rest_route=%2Fwp%2Fv2%2Fmedia&parent=11014"}],"wp:term":[{"taxonomy":"category","embeddable":true,"href":"https:\/\/wgphoto.pl\/t\/index.php?rest_route=%2Fwp%2Fv2%2Fcategories&post=11014"},{"taxonomy":"post_tag","embeddable":true,"href":"https:\/\/wgphoto.pl\/t\/index.php?rest_route=%2Fwp%2Fv2%2Ftags&post=11014"}],"curies":[{"name":"wp","href":"https:\/\/api.w.org\/{rel}","templated":true}]}}