{"id":11038,"date":"2025-01-31T20:47:53","date_gmt":"2025-01-31T19:47:53","guid":{"rendered":"https:\/\/wgphoto.pl\/t\/?p=11038"},"modified":"2025-01-31T20:47:53","modified_gmt":"2025-01-31T19:47:53","slug":"kaszub-na-wycieczce","status":"publish","type":"post","link":"https:\/\/wgphoto.pl\/t\/?p=11038","title":{"rendered":"Kaszub na wycieczce"},"content":{"rendered":"\n<figure class=\"wp-block-image aligncenter size-full\"><img loading=\"lazy\" decoding=\"async\" width=\"1200\" height=\"800\" src=\"https:\/\/wgphoto.pl\/t\/wp-content\/uploads\/2025\/01\/0430-32.jpg\" alt=\"\" class=\"wp-image-11039\" srcset=\"https:\/\/wgphoto.pl\/t\/wp-content\/uploads\/2025\/01\/0430-32.jpg 1200w, https:\/\/wgphoto.pl\/t\/wp-content\/uploads\/2025\/01\/0430-32-300x200.jpg 300w, https:\/\/wgphoto.pl\/t\/wp-content\/uploads\/2025\/01\/0430-32-768x512.jpg 768w\" sizes=\"auto, (max-width: 1200px) 100vw, 1200px\" \/><\/figure>\n\n\n\n<div class=\"wp-block-group has-global-padding is-layout-constrained wp-block-group-is-layout-constrained\">\n<p>Szlak Jelenia G\u00f3ra &#8211; Rybnica. EU07-119 z Zak\u0142adu Taboru w Gdyni prowadzi poci\u0105g osobowy 55137 z Jeleniej G\u00f3ry do W\u0119gli\u0144ca. Lokomotywa wcze\u015bniej przyjecha\u0142a z poci\u0105giem osobowym ze Szklarskiej Por\u0119by, wi\u0119c pewnie w ramach optymalizacji obieg\u00f3w maszyna zatrudniana zasadniczo do obs\u0142ugi nocnej rze\u017ani za dnia obs\u0142ugiwa\u0142a planowo lokalne osob\u00f3wki na drugim ko\u0144cu Polski. 11.11.2004<\/p>\n<\/div>\n","protected":false},"excerpt":{"rendered":"<p>Szlak Jelenia G\u00f3ra &#8211; Rybnica. EU07-119 z Zak\u0142adu Taboru w Gdyni prowadzi poci\u0105g osobowy 55137 z Jeleniej G\u00f3ry do W\u0119gli\u0144ca. Lokomotywa wcze\u015bniej przyjecha\u0142a z poci\u0105giem osobowym ze Szklarskiej Por\u0119by, wi\u0119c pewnie w ramach optymalizacji obieg\u00f3w maszyna zatrudniana zasadniczo do obs\u0142ugi nocnej rze\u017ani za dnia obs\u0142ugiwa\u0142a planowo lokalne osob\u00f3wki na drugim ko\u0144cu Polski. 11.11.2004<\/p>\n","protected":false},"author":1,"featured_media":11039,"comment_status":"open","ping_status":"","sticky":false,"template":"","format":"standard","meta":{"footnotes":""},"categories":[62,2,61],"tags":[3075,122,1997,45,27,2637,177],"class_list":["post-11038","post","type-post","status-publish","format-standard","has-post-thumbnail","hentry","category-analog","category-kolej","category-rok-2004","tag-2004-11-11","tag-eu07","tag-jelenia-gora","tag-most","tag-polska","tag-rybnica","tag-tab-pl255"],"_links":{"self":[{"href":"https:\/\/wgphoto.pl\/t\/index.php?rest_route=\/wp\/v2\/posts\/11038","targetHints":{"allow":["GET"]}}],"collection":[{"href":"https:\/\/wgphoto.pl\/t\/index.php?rest_route=\/wp\/v2\/posts"}],"about":[{"href":"https:\/\/wgphoto.pl\/t\/index.php?rest_route=\/wp\/v2\/types\/post"}],"author":[{"embeddable":true,"href":"https:\/\/wgphoto.pl\/t\/index.php?rest_route=\/wp\/v2\/users\/1"}],"replies":[{"embeddable":true,"href":"https:\/\/wgphoto.pl\/t\/index.php?rest_route=%2Fwp%2Fv2%2Fcomments&post=11038"}],"version-history":[{"count":1,"href":"https:\/\/wgphoto.pl\/t\/index.php?rest_route=\/wp\/v2\/posts\/11038\/revisions"}],"predecessor-version":[{"id":11040,"href":"https:\/\/wgphoto.pl\/t\/index.php?rest_route=\/wp\/v2\/posts\/11038\/revisions\/11040"}],"wp:featuredmedia":[{"embeddable":true,"href":"https:\/\/wgphoto.pl\/t\/index.php?rest_route=\/wp\/v2\/media\/11039"}],"wp:attachment":[{"href":"https:\/\/wgphoto.pl\/t\/index.php?rest_route=%2Fwp%2Fv2%2Fmedia&parent=11038"}],"wp:term":[{"taxonomy":"category","embeddable":true,"href":"https:\/\/wgphoto.pl\/t\/index.php?rest_route=%2Fwp%2Fv2%2Fcategories&post=11038"},{"taxonomy":"post_tag","embeddable":true,"href":"https:\/\/wgphoto.pl\/t\/index.php?rest_route=%2Fwp%2Fv2%2Ftags&post=11038"}],"curies":[{"name":"wp","href":"https:\/\/api.w.org\/{rel}","templated":true}]}}