{"id":11044,"date":"2025-01-31T20:49:58","date_gmt":"2025-01-31T19:49:58","guid":{"rendered":"https:\/\/wgphoto.pl\/t\/?p=11044"},"modified":"2025-01-31T20:49:58","modified_gmt":"2025-01-31T19:49:58","slug":"wieczorny-nocny","status":"publish","type":"post","link":"https:\/\/wgphoto.pl\/t\/?p=11044","title":{"rendered":"Wieczorny nocny"},"content":{"rendered":"\n<figure class=\"wp-block-image aligncenter size-full\"><img loading=\"lazy\" decoding=\"async\" width=\"1200\" height=\"800\" src=\"https:\/\/wgphoto.pl\/t\/wp-content\/uploads\/2025\/01\/0231-21.jpg\" alt=\"\" class=\"wp-image-11045\" srcset=\"https:\/\/wgphoto.pl\/t\/wp-content\/uploads\/2025\/01\/0231-21.jpg 1200w, https:\/\/wgphoto.pl\/t\/wp-content\/uploads\/2025\/01\/0231-21-300x200.jpg 300w, https:\/\/wgphoto.pl\/t\/wp-content\/uploads\/2025\/01\/0231-21-768x512.jpg 768w\" sizes=\"auto, (max-width: 1200px) 100vw, 1200px\" \/><\/figure>\n\n\n\n<div class=\"wp-block-group has-global-padding is-layout-constrained wp-block-group-is-layout-constrained\">\n<p>Za czas\u00f3w istnienia tramwajowych linii nocnych w wigili\u0119 (od ok. godz. 16) oraz Sylwestra (po godz. 20) funkcjonowa\u0142y w\u0142a\u015bnie te trasy, przez pierwsze godziny ze zwi\u0119kszon\u0105 cz\u0119stotliwo\u015bci\u0105. Szczeg\u00f3\u0142\u00f3w a\u017c tak bardzo nie \u015bledzi\u0142em, ale cz\u0119\u015b\u0107 brygad pozostawa\u0142a pewnie na noc i by\u0142a ju\u017c obs\u0142ugiwana typowo &#8222;nocnym&#8221; taborem (np. 105Na solo), a cz\u0119\u015b\u0107 &#8211; jak widoczny sk\u0142ad &#8211; to przebrana dzienna brygada, st\u0105d te\u017c rzadki widok w postaci sk\u0142adu stopi\u0105tek na nocce. 2002-12-31<\/p>\n<\/div>\n","protected":false},"excerpt":{"rendered":"<p>Za czas\u00f3w istnienia tramwajowych linii nocnych w wigili\u0119 (od ok. godz. 16) oraz Sylwestra (po godz. 20) funkcjonowa\u0142y w\u0142a\u015bnie te trasy, przez pierwsze godziny ze zwi\u0119kszon\u0105 cz\u0119stotliwo\u015bci\u0105. Szczeg\u00f3\u0142\u00f3w a\u017c tak bardzo nie \u015bledzi\u0142em, ale cz\u0119\u015b\u0107 brygad pozostawa\u0142a pewnie na noc i by\u0142a ju\u017c obs\u0142ugiwana typowo &#8222;nocnym&#8221; taborem (np. 105Na solo), a cz\u0119\u015b\u0107 &#8211; jak widoczny [&hellip;]<\/p>\n","protected":false},"author":1,"featured_media":11045,"comment_status":"open","ping_status":"","sticky":false,"template":"","format":"standard","meta":{"footnotes":""},"categories":[62,577,3],"tags":[155,3076,42,154,27,44,41,846],"class_list":["post-11044","post","type-post","status-publish","format-standard","has-post-thumbnail","hentry","category-analog","category-rok-2002","category-tramwaj","tag-105na","tag-2002-12-31","tag-mpk-wroclaw","tag-noc","tag-polska","tag-snieg","tag-wroclaw","tag-wroclawskie-linie-nocne"],"_links":{"self":[{"href":"https:\/\/wgphoto.pl\/t\/index.php?rest_route=\/wp\/v2\/posts\/11044","targetHints":{"allow":["GET"]}}],"collection":[{"href":"https:\/\/wgphoto.pl\/t\/index.php?rest_route=\/wp\/v2\/posts"}],"about":[{"href":"https:\/\/wgphoto.pl\/t\/index.php?rest_route=\/wp\/v2\/types\/post"}],"author":[{"embeddable":true,"href":"https:\/\/wgphoto.pl\/t\/index.php?rest_route=\/wp\/v2\/users\/1"}],"replies":[{"embeddable":true,"href":"https:\/\/wgphoto.pl\/t\/index.php?rest_route=%2Fwp%2Fv2%2Fcomments&post=11044"}],"version-history":[{"count":1,"href":"https:\/\/wgphoto.pl\/t\/index.php?rest_route=\/wp\/v2\/posts\/11044\/revisions"}],"predecessor-version":[{"id":11046,"href":"https:\/\/wgphoto.pl\/t\/index.php?rest_route=\/wp\/v2\/posts\/11044\/revisions\/11046"}],"wp:featuredmedia":[{"embeddable":true,"href":"https:\/\/wgphoto.pl\/t\/index.php?rest_route=\/wp\/v2\/media\/11045"}],"wp:attachment":[{"href":"https:\/\/wgphoto.pl\/t\/index.php?rest_route=%2Fwp%2Fv2%2Fmedia&parent=11044"}],"wp:term":[{"taxonomy":"category","embeddable":true,"href":"https:\/\/wgphoto.pl\/t\/index.php?rest_route=%2Fwp%2Fv2%2Fcategories&post=11044"},{"taxonomy":"post_tag","embeddable":true,"href":"https:\/\/wgphoto.pl\/t\/index.php?rest_route=%2Fwp%2Fv2%2Ftags&post=11044"}],"curies":[{"name":"wp","href":"https:\/\/api.w.org\/{rel}","templated":true}]}}