{"id":11050,"date":"2025-01-31T20:52:02","date_gmt":"2025-01-31T19:52:02","guid":{"rendered":"https:\/\/wgphoto.pl\/t\/?p=11050"},"modified":"2025-01-31T20:52:02","modified_gmt":"2025-01-31T19:52:02","slug":"eu06-12","status":"publish","type":"post","link":"https:\/\/wgphoto.pl\/t\/?p=11050","title":{"rendered":"EU06-12"},"content":{"rendered":"\n<figure class=\"wp-block-image aligncenter size-full\"><img loading=\"lazy\" decoding=\"async\" width=\"1050\" height=\"700\" src=\"https:\/\/wgphoto.pl\/t\/wp-content\/uploads\/2025\/01\/dscf5619.jpg\" alt=\"\" class=\"wp-image-11051\" srcset=\"https:\/\/wgphoto.pl\/t\/wp-content\/uploads\/2025\/01\/dscf5619.jpg 1050w, https:\/\/wgphoto.pl\/t\/wp-content\/uploads\/2025\/01\/dscf5619-300x200.jpg 300w, https:\/\/wgphoto.pl\/t\/wp-content\/uploads\/2025\/01\/dscf5619-768x512.jpg 768w\" sizes=\"auto, (max-width: 1050px) 100vw, 1050px\" \/><\/figure>\n\n\n\n<div class=\"wp-block-group has-global-padding is-layout-constrained wp-block-group-is-layout-constrained\">\n<p>Klasyczne uj\u0119cie z wroc\u0142awskim neonem z klasycznie niepasuj\u0105c\u0105 mi kompozycj\u0105 z lokomotyw\u0105 na \u015brodku kadru oraz wystaj\u0105cymi z jej czo\u0142a \u0142ukami hali peronowej. \ud83d\ude09 Nie wiem co to za poci\u0105g, pewnie co\u015b na trasie Krak\u00f3w &#8211; Szczecin. 2007-11-25<\/p>\n<\/div>\n","protected":false},"excerpt":{"rendered":"<p>Klasyczne uj\u0119cie z wroc\u0142awskim neonem z klasycznie niepasuj\u0105c\u0105 mi kompozycj\u0105 z lokomotyw\u0105 na \u015brodku kadru oraz wystaj\u0105cymi z jej czo\u0142a \u0142ukami hali peronowej. \ud83d\ude09 Nie wiem co to za poci\u0105g, pewnie co\u015b na trasie Krak\u00f3w &#8211; Szczecin. 2007-11-25<\/p>\n","protected":false},"author":1,"featured_media":11051,"comment_status":"open","ping_status":"","sticky":false,"template":"","format":"standard","meta":{"footnotes":""},"categories":[2,96],"tags":[2821,229,179,63,27,41,180],"class_list":["post-11050","post","type-post","status-publish","format-standard","has-post-thumbnail","hentry","category-kolej","category-rok-2007","tag-2007-11-25","tag-eu06","tag-hala-peronowa","tag-pkp","tag-polska","tag-wroclaw","tag-wroclaw-glowny"],"_links":{"self":[{"href":"https:\/\/wgphoto.pl\/t\/index.php?rest_route=\/wp\/v2\/posts\/11050","targetHints":{"allow":["GET"]}}],"collection":[{"href":"https:\/\/wgphoto.pl\/t\/index.php?rest_route=\/wp\/v2\/posts"}],"about":[{"href":"https:\/\/wgphoto.pl\/t\/index.php?rest_route=\/wp\/v2\/types\/post"}],"author":[{"embeddable":true,"href":"https:\/\/wgphoto.pl\/t\/index.php?rest_route=\/wp\/v2\/users\/1"}],"replies":[{"embeddable":true,"href":"https:\/\/wgphoto.pl\/t\/index.php?rest_route=%2Fwp%2Fv2%2Fcomments&post=11050"}],"version-history":[{"count":1,"href":"https:\/\/wgphoto.pl\/t\/index.php?rest_route=\/wp\/v2\/posts\/11050\/revisions"}],"predecessor-version":[{"id":11052,"href":"https:\/\/wgphoto.pl\/t\/index.php?rest_route=\/wp\/v2\/posts\/11050\/revisions\/11052"}],"wp:featuredmedia":[{"embeddable":true,"href":"https:\/\/wgphoto.pl\/t\/index.php?rest_route=\/wp\/v2\/media\/11051"}],"wp:attachment":[{"href":"https:\/\/wgphoto.pl\/t\/index.php?rest_route=%2Fwp%2Fv2%2Fmedia&parent=11050"}],"wp:term":[{"taxonomy":"category","embeddable":true,"href":"https:\/\/wgphoto.pl\/t\/index.php?rest_route=%2Fwp%2Fv2%2Fcategories&post=11050"},{"taxonomy":"post_tag","embeddable":true,"href":"https:\/\/wgphoto.pl\/t\/index.php?rest_route=%2Fwp%2Fv2%2Ftags&post=11050"}],"curies":[{"name":"wp","href":"https:\/\/api.w.org\/{rel}","templated":true}]}}