{"id":11053,"date":"2025-01-31T20:53:21","date_gmt":"2025-01-31T19:53:21","guid":{"rendered":"https:\/\/wgphoto.pl\/t\/?p=11053"},"modified":"2025-01-31T20:53:21","modified_gmt":"2025-01-31T19:53:21","slug":"wczesna-jesien-5","status":"publish","type":"post","link":"https:\/\/wgphoto.pl\/t\/?p=11053","title":{"rendered":"Wczesna jesie\u0144"},"content":{"rendered":"\n<figure class=\"wp-block-image aligncenter size-full\"><img loading=\"lazy\" decoding=\"async\" width=\"601\" height=\"900\" src=\"https:\/\/wgphoto.pl\/t\/wp-content\/uploads\/2025\/01\/0335-19.jpg\" alt=\"\" class=\"wp-image-11054\" srcset=\"https:\/\/wgphoto.pl\/t\/wp-content\/uploads\/2025\/01\/0335-19.jpg 601w, https:\/\/wgphoto.pl\/t\/wp-content\/uploads\/2025\/01\/0335-19-200x300.jpg 200w\" sizes=\"auto, (max-width: 601px) 100vw, 601px\" \/><\/figure>\n\n\n\n<div class=\"wp-block-group has-global-padding is-layout-constrained wp-block-group-is-layout-constrained\">\n<p>SP32-148 z poc. 7725 rel. Wa\u0142brzych G\u0142. &#8211; Lubawka na odcinku mi\u0119dzy Kamienn\u0105 G\u00f3r\u0105 i B\u0142a\u017ckow\u0105. 27.09.2003<\/p>\n<\/div>\n","protected":false},"excerpt":{"rendered":"<p>SP32-148 z poc. 7725 rel. Wa\u0142brzych G\u0142. &#8211; Lubawka na odcinku mi\u0119dzy Kamienn\u0105 G\u00f3r\u0105 i B\u0142a\u017ckow\u0105. 27.09.2003<\/p>\n","protected":false},"author":1,"featured_media":11054,"comment_status":"open","ping_status":"","sticky":false,"template":"","format":"standard","meta":{"footnotes":""},"categories":[62,128,149],"tags":[3078,626,629,63,27,385,627],"class_list":["post-11053","post","type-post","status-publish","format-standard","has-post-thumbnail","hentry","category-analog","category-pionowe","category-rok-2003","tag-2003-09-27","tag-blazkowa","tag-kamienna-gora","tag-pkp","tag-polska","tag-sp32","tag-tab-pl247"],"_links":{"self":[{"href":"https:\/\/wgphoto.pl\/t\/index.php?rest_route=\/wp\/v2\/posts\/11053","targetHints":{"allow":["GET"]}}],"collection":[{"href":"https:\/\/wgphoto.pl\/t\/index.php?rest_route=\/wp\/v2\/posts"}],"about":[{"href":"https:\/\/wgphoto.pl\/t\/index.php?rest_route=\/wp\/v2\/types\/post"}],"author":[{"embeddable":true,"href":"https:\/\/wgphoto.pl\/t\/index.php?rest_route=\/wp\/v2\/users\/1"}],"replies":[{"embeddable":true,"href":"https:\/\/wgphoto.pl\/t\/index.php?rest_route=%2Fwp%2Fv2%2Fcomments&post=11053"}],"version-history":[{"count":1,"href":"https:\/\/wgphoto.pl\/t\/index.php?rest_route=\/wp\/v2\/posts\/11053\/revisions"}],"predecessor-version":[{"id":11055,"href":"https:\/\/wgphoto.pl\/t\/index.php?rest_route=\/wp\/v2\/posts\/11053\/revisions\/11055"}],"wp:featuredmedia":[{"embeddable":true,"href":"https:\/\/wgphoto.pl\/t\/index.php?rest_route=\/wp\/v2\/media\/11054"}],"wp:attachment":[{"href":"https:\/\/wgphoto.pl\/t\/index.php?rest_route=%2Fwp%2Fv2%2Fmedia&parent=11053"}],"wp:term":[{"taxonomy":"category","embeddable":true,"href":"https:\/\/wgphoto.pl\/t\/index.php?rest_route=%2Fwp%2Fv2%2Fcategories&post=11053"},{"taxonomy":"post_tag","embeddable":true,"href":"https:\/\/wgphoto.pl\/t\/index.php?rest_route=%2Fwp%2Fv2%2Ftags&post=11053"}],"curies":[{"name":"wp","href":"https:\/\/api.w.org\/{rel}","templated":true}]}}