{"id":11090,"date":"2025-01-31T21:08:40","date_gmt":"2025-01-31T20:08:40","guid":{"rendered":"https:\/\/wgphoto.pl\/t\/?p=11090"},"modified":"2025-01-31T21:08:40","modified_gmt":"2025-01-31T20:08:40","slug":"w-dniu-dzisiejszym-z-pierwszego","status":"publish","type":"post","link":"https:\/\/wgphoto.pl\/t\/?p=11090","title":{"rendered":"W dniu dzisiejszym z pierwszego"},"content":{"rendered":"\n<figure class=\"wp-block-image aligncenter size-full\"><img loading=\"lazy\" decoding=\"async\" width=\"1050\" height=\"591\" src=\"https:\/\/wgphoto.pl\/t\/wp-content\/uploads\/2025\/01\/0505-05.jpg\" alt=\"\" class=\"wp-image-11091\" srcset=\"https:\/\/wgphoto.pl\/t\/wp-content\/uploads\/2025\/01\/0505-05.jpg 1050w, https:\/\/wgphoto.pl\/t\/wp-content\/uploads\/2025\/01\/0505-05-300x169.jpg 300w, https:\/\/wgphoto.pl\/t\/wp-content\/uploads\/2025\/01\/0505-05-768x432.jpg 768w\" sizes=\"auto, (max-width: 1050px) 100vw, 1050px\" \/><\/figure>\n\n\n\n<div class=\"wp-block-group has-global-padding is-layout-constrained wp-block-group-is-layout-constrained\">\n<p>EN57-1038 jako poci\u0105g osobowy 137 relacji Wroc\u0142aw G\u0142\u00f3wny &#8211; Kluczbork z powodu prac na torze przy peronie drugim odjedzie z rzadko w\u00f3wczas u\u017cywanego w ruchu pasa\u017cerskim toru przy peronie pierwszym stacji Wroc\u0142aw Nadodrze. 16.03.2005<\/p>\n<\/div>\n","protected":false},"excerpt":{"rendered":"<p>EN57-1038 jako poci\u0105g osobowy 137 relacji Wroc\u0142aw G\u0142\u00f3wny &#8211; Kluczbork z powodu prac na torze przy peronie drugim odjedzie z rzadko w\u00f3wczas u\u017cywanego w ruchu pasa\u017cerskim toru przy peronie pierwszym stacji Wroc\u0142aw Nadodrze. 16.03.2005<\/p>\n","protected":false},"author":1,"featured_media":11091,"comment_status":"open","ping_status":"","sticky":false,"template":"","format":"standard","meta":{"footnotes":""},"categories":[62,2,311],"tags":[3082,132,63,27,246,41,245],"class_list":["post-11090","post","type-post","status-publish","format-standard","has-post-thumbnail","hentry","category-analog","category-kolej","category-rok-2005","tag-2005-03-16","tag-en57","tag-pkp","tag-polska","tag-tab-pl200","tag-wroclaw","tag-wroclaw-nadodrze"],"_links":{"self":[{"href":"https:\/\/wgphoto.pl\/t\/index.php?rest_route=\/wp\/v2\/posts\/11090","targetHints":{"allow":["GET"]}}],"collection":[{"href":"https:\/\/wgphoto.pl\/t\/index.php?rest_route=\/wp\/v2\/posts"}],"about":[{"href":"https:\/\/wgphoto.pl\/t\/index.php?rest_route=\/wp\/v2\/types\/post"}],"author":[{"embeddable":true,"href":"https:\/\/wgphoto.pl\/t\/index.php?rest_route=\/wp\/v2\/users\/1"}],"replies":[{"embeddable":true,"href":"https:\/\/wgphoto.pl\/t\/index.php?rest_route=%2Fwp%2Fv2%2Fcomments&post=11090"}],"version-history":[{"count":1,"href":"https:\/\/wgphoto.pl\/t\/index.php?rest_route=\/wp\/v2\/posts\/11090\/revisions"}],"predecessor-version":[{"id":11092,"href":"https:\/\/wgphoto.pl\/t\/index.php?rest_route=\/wp\/v2\/posts\/11090\/revisions\/11092"}],"wp:featuredmedia":[{"embeddable":true,"href":"https:\/\/wgphoto.pl\/t\/index.php?rest_route=\/wp\/v2\/media\/11091"}],"wp:attachment":[{"href":"https:\/\/wgphoto.pl\/t\/index.php?rest_route=%2Fwp%2Fv2%2Fmedia&parent=11090"}],"wp:term":[{"taxonomy":"category","embeddable":true,"href":"https:\/\/wgphoto.pl\/t\/index.php?rest_route=%2Fwp%2Fv2%2Fcategories&post=11090"},{"taxonomy":"post_tag","embeddable":true,"href":"https:\/\/wgphoto.pl\/t\/index.php?rest_route=%2Fwp%2Fv2%2Ftags&post=11090"}],"curies":[{"name":"wp","href":"https:\/\/api.w.org\/{rel}","templated":true}]}}