{"id":11114,"date":"2025-01-31T21:18:48","date_gmt":"2025-01-31T20:18:48","guid":{"rendered":"https:\/\/wgphoto.pl\/t\/?p=11114"},"modified":"2025-01-31T21:18:48","modified_gmt":"2025-01-31T20:18:48","slug":"za-krotkie-nogi","status":"publish","type":"post","link":"https:\/\/wgphoto.pl\/t\/?p=11114","title":{"rendered":"Za kr\u00f3tkie nogi"},"content":{"rendered":"\n<figure class=\"wp-block-image aligncenter size-full\"><img loading=\"lazy\" decoding=\"async\" width=\"1200\" height=\"800\" src=\"https:\/\/wgphoto.pl\/t\/wp-content\/uploads\/2025\/01\/0406-01.jpg\" alt=\"\" class=\"wp-image-11115\" srcset=\"https:\/\/wgphoto.pl\/t\/wp-content\/uploads\/2025\/01\/0406-01.jpg 1200w, https:\/\/wgphoto.pl\/t\/wp-content\/uploads\/2025\/01\/0406-01-300x200.jpg 300w, https:\/\/wgphoto.pl\/t\/wp-content\/uploads\/2025\/01\/0406-01-768x512.jpg 768w\" sizes=\"auto, (max-width: 1200px) 100vw, 1200px\" \/><\/figure>\n\n\n\n<div class=\"wp-block-group has-global-padding is-layout-constrained wp-block-group-is-layout-constrained\">\n<p>Poci\u0105g z s\u0105siedniego zdj\u0119cia wysadzi\u0142 mnie w Kamiennej G\u00f3rze i odje\u017cd\u017ca w stron\u0119 Lubawki. Wymy\u015bli\u0142em sobie kadr z podanym semaforem od czerwonej strony ale zd\u0105\u017cy\u0142em dobiec tylko dot\u0105d, a dodatkowo kandydat na mandacik od sokist\u00f3w urozmaici\u0142 t\u0119 scen\u0119. \ud83d\ude09 01.05.2004<\/p>\n<\/div>\n","protected":false},"excerpt":{"rendered":"<p>Poci\u0105g z s\u0105siedniego zdj\u0119cia wysadzi\u0142 mnie w Kamiennej G\u00f3rze i odje\u017cd\u017ca w stron\u0119 Lubawki. Wymy\u015bli\u0142em sobie kadr z podanym semaforem od czerwonej strony ale zd\u0105\u017cy\u0142em dobiec tylko dot\u0105d, a dodatkowo kandydat na mandacik od sokist\u00f3w urozmaici\u0142 t\u0119 scen\u0119. \ud83d\ude09 01.05.2004<\/p>\n","protected":false},"author":1,"featured_media":11115,"comment_status":"open","ping_status":"","sticky":false,"template":"","format":"standard","meta":{"footnotes":""},"categories":[62,2,61],"tags":[625,629,173,1775,63,27,628,53,627],"class_list":["post-11114","post","type-post","status-publish","format-standard","has-post-thumbnail","hentry","category-analog","category-kolej","category-rok-2004","tag-2004-05-01","tag-kamienna-gora","tag-koncowki","tag-na-wysiadanego","tag-pkp","tag-polska","tag-sa102","tag-sygnalizacja-ksztaltowa","tag-tab-pl247"],"_links":{"self":[{"href":"https:\/\/wgphoto.pl\/t\/index.php?rest_route=\/wp\/v2\/posts\/11114","targetHints":{"allow":["GET"]}}],"collection":[{"href":"https:\/\/wgphoto.pl\/t\/index.php?rest_route=\/wp\/v2\/posts"}],"about":[{"href":"https:\/\/wgphoto.pl\/t\/index.php?rest_route=\/wp\/v2\/types\/post"}],"author":[{"embeddable":true,"href":"https:\/\/wgphoto.pl\/t\/index.php?rest_route=\/wp\/v2\/users\/1"}],"replies":[{"embeddable":true,"href":"https:\/\/wgphoto.pl\/t\/index.php?rest_route=%2Fwp%2Fv2%2Fcomments&post=11114"}],"version-history":[{"count":1,"href":"https:\/\/wgphoto.pl\/t\/index.php?rest_route=\/wp\/v2\/posts\/11114\/revisions"}],"predecessor-version":[{"id":11116,"href":"https:\/\/wgphoto.pl\/t\/index.php?rest_route=\/wp\/v2\/posts\/11114\/revisions\/11116"}],"wp:featuredmedia":[{"embeddable":true,"href":"https:\/\/wgphoto.pl\/t\/index.php?rest_route=\/wp\/v2\/media\/11115"}],"wp:attachment":[{"href":"https:\/\/wgphoto.pl\/t\/index.php?rest_route=%2Fwp%2Fv2%2Fmedia&parent=11114"}],"wp:term":[{"taxonomy":"category","embeddable":true,"href":"https:\/\/wgphoto.pl\/t\/index.php?rest_route=%2Fwp%2Fv2%2Fcategories&post=11114"},{"taxonomy":"post_tag","embeddable":true,"href":"https:\/\/wgphoto.pl\/t\/index.php?rest_route=%2Fwp%2Fv2%2Ftags&post=11114"}],"curies":[{"name":"wp","href":"https:\/\/api.w.org\/{rel}","templated":true}]}}