{"id":11117,"date":"2025-01-31T21:20:01","date_gmt":"2025-01-31T20:20:01","guid":{"rendered":"https:\/\/wgphoto.pl\/t\/?p=11117"},"modified":"2025-01-31T21:20:01","modified_gmt":"2025-01-31T20:20:01","slug":"skomunikowanie-w-sedzislawiu","status":"publish","type":"post","link":"https:\/\/wgphoto.pl\/t\/?p=11117","title":{"rendered":"Skomunikowanie w S\u0119dzis\u0142awiu"},"content":{"rendered":"\n<figure class=\"wp-block-image aligncenter size-full\"><img loading=\"lazy\" decoding=\"async\" width=\"1200\" height=\"800\" src=\"https:\/\/wgphoto.pl\/t\/wp-content\/uploads\/2025\/01\/0406-00.jpg\" alt=\"\" class=\"wp-image-11118\" srcset=\"https:\/\/wgphoto.pl\/t\/wp-content\/uploads\/2025\/01\/0406-00.jpg 1200w, https:\/\/wgphoto.pl\/t\/wp-content\/uploads\/2025\/01\/0406-00-300x200.jpg 300w, https:\/\/wgphoto.pl\/t\/wp-content\/uploads\/2025\/01\/0406-00-768x512.jpg 768w\" sizes=\"auto, (max-width: 1200px) 100vw, 1200px\" \/><\/figure>\n\n\n\n<div class=\"wp-block-group has-global-padding is-layout-constrained wp-block-group-is-layout-constrained\">\n<p>SA102-001 pojedzie jako poci\u0105g osobowy 7724 z Jeleniej G\u00f3ry do Lubawki, a przy drugim peronie stoi przyspieszona &#8222;Szrenica&#8221; z Wroc\u0142awia do Szklarskiej Por\u0119by. Za dwa dni odjedzie ostatni poci\u0105g pasa\u017cerski do Lubawki &#8211; jak wida\u0107 nikt nim nie je\u017adzi\u0142. \ud83d\ude42 Chocia\u017c foto jest pewnie tendencyjne, gdy\u017c mamy pocz\u0105tek d\u0142ugiego \u0142ykendu. 01.05.2004<\/p>\n<\/div>\n","protected":false},"excerpt":{"rendered":"<p>SA102-001 pojedzie jako poci\u0105g osobowy 7724 z Jeleniej G\u00f3ry do Lubawki, a przy drugim peronie stoi przyspieszona &#8222;Szrenica&#8221; z Wroc\u0142awia do Szklarskiej Por\u0119by. Za dwa dni odjedzie ostatni poci\u0105g pasa\u017cerski do Lubawki &#8211; jak wida\u0107 nikt nim nie je\u017adzi\u0142. \ud83d\ude42 Chocia\u017c foto jest pewnie tendencyjne, gdy\u017c mamy pocz\u0105tek d\u0142ugiego \u0142ykendu. 01.05.2004<\/p>\n","protected":false},"author":1,"featured_media":11118,"comment_status":"open","ping_status":"","sticky":false,"template":"","format":"standard","meta":{"footnotes":""},"categories":[62,2,61],"tags":[625,728,173,151,63,27,628,1061,200,627],"class_list":["post-11117","post","type-post","status-publish","format-standard","has-post-thumbnail","hentry","category-analog","category-kolej","category-rok-2004","tag-2004-05-01","tag-en71","tag-koncowki","tag-ludzie","tag-pkp","tag-polska","tag-sa102","tag-sedzislaw","tag-tab-pl240","tag-tab-pl247"],"_links":{"self":[{"href":"https:\/\/wgphoto.pl\/t\/index.php?rest_route=\/wp\/v2\/posts\/11117","targetHints":{"allow":["GET"]}}],"collection":[{"href":"https:\/\/wgphoto.pl\/t\/index.php?rest_route=\/wp\/v2\/posts"}],"about":[{"href":"https:\/\/wgphoto.pl\/t\/index.php?rest_route=\/wp\/v2\/types\/post"}],"author":[{"embeddable":true,"href":"https:\/\/wgphoto.pl\/t\/index.php?rest_route=\/wp\/v2\/users\/1"}],"replies":[{"embeddable":true,"href":"https:\/\/wgphoto.pl\/t\/index.php?rest_route=%2Fwp%2Fv2%2Fcomments&post=11117"}],"version-history":[{"count":1,"href":"https:\/\/wgphoto.pl\/t\/index.php?rest_route=\/wp\/v2\/posts\/11117\/revisions"}],"predecessor-version":[{"id":11119,"href":"https:\/\/wgphoto.pl\/t\/index.php?rest_route=\/wp\/v2\/posts\/11117\/revisions\/11119"}],"wp:featuredmedia":[{"embeddable":true,"href":"https:\/\/wgphoto.pl\/t\/index.php?rest_route=\/wp\/v2\/media\/11118"}],"wp:attachment":[{"href":"https:\/\/wgphoto.pl\/t\/index.php?rest_route=%2Fwp%2Fv2%2Fmedia&parent=11117"}],"wp:term":[{"taxonomy":"category","embeddable":true,"href":"https:\/\/wgphoto.pl\/t\/index.php?rest_route=%2Fwp%2Fv2%2Fcategories&post=11117"},{"taxonomy":"post_tag","embeddable":true,"href":"https:\/\/wgphoto.pl\/t\/index.php?rest_route=%2Fwp%2Fv2%2Ftags&post=11117"}],"curies":[{"name":"wp","href":"https:\/\/api.w.org\/{rel}","templated":true}]}}