{"id":11130,"date":"2025-02-02T13:09:27","date_gmt":"2025-02-02T12:09:27","guid":{"rendered":"https:\/\/wgphoto.pl\/t\/?p=11130"},"modified":"2025-02-02T13:09:27","modified_gmt":"2025-02-02T12:09:27","slug":"105na-24182417","status":"publish","type":"post","link":"https:\/\/wgphoto.pl\/t\/?p=11130","title":{"rendered":"105Na 2418+2417"},"content":{"rendered":"\n<figure class=\"wp-block-image aligncenter size-full\"><img loading=\"lazy\" decoding=\"async\" width=\"1399\" height=\"906\" src=\"https:\/\/wgphoto.pl\/t\/wp-content\/uploads\/2025\/02\/0401-25_rsn.jpg\" alt=\"\" class=\"wp-image-11131\" srcset=\"https:\/\/wgphoto.pl\/t\/wp-content\/uploads\/2025\/02\/0401-25_rsn.jpg 1399w, https:\/\/wgphoto.pl\/t\/wp-content\/uploads\/2025\/02\/0401-25_rsn-300x194.jpg 300w, https:\/\/wgphoto.pl\/t\/wp-content\/uploads\/2025\/02\/0401-25_rsn-768x497.jpg 768w\" sizes=\"auto, (max-width: 1399px) 100vw, 1399px\" \/><\/figure>\n\n\n\n<div class=\"wp-block-group has-global-padding is-layout-constrained wp-block-group-is-layout-constrained\">\n<p>Wroc\u0142aw, ul. Bardzka. 105Na 2418+2417 mija pierwszy powojenny ko\u015bci\u00f3\u0142 we Wroc\u0142awiu, wybudowany w latach 1973-1985. 31.01.2004<\/p>\n<\/div>\n","protected":false},"excerpt":{"rendered":"<p>Wroc\u0142aw, ul. Bardzka. 105Na 2418+2417 mija pierwszy powojenny ko\u015bci\u00f3\u0142 we Wroc\u0142awiu, wybudowany w latach 1973-1985. 31.01.2004<\/p>\n","protected":false},"author":1,"featured_media":11131,"comment_status":"open","ping_status":"","sticky":false,"template":"","format":"standard","meta":{"footnotes":""},"categories":[62,61,3],"tags":[155,3087,34,42,27,41],"class_list":["post-11130","post","type-post","status-publish","format-standard","has-post-thumbnail","hentry","category-analog","category-rok-2004","category-tramwaj","tag-105na","tag-2004-01-31","tag-architektura","tag-mpk-wroclaw","tag-polska","tag-wroclaw"],"_links":{"self":[{"href":"https:\/\/wgphoto.pl\/t\/index.php?rest_route=\/wp\/v2\/posts\/11130","targetHints":{"allow":["GET"]}}],"collection":[{"href":"https:\/\/wgphoto.pl\/t\/index.php?rest_route=\/wp\/v2\/posts"}],"about":[{"href":"https:\/\/wgphoto.pl\/t\/index.php?rest_route=\/wp\/v2\/types\/post"}],"author":[{"embeddable":true,"href":"https:\/\/wgphoto.pl\/t\/index.php?rest_route=\/wp\/v2\/users\/1"}],"replies":[{"embeddable":true,"href":"https:\/\/wgphoto.pl\/t\/index.php?rest_route=%2Fwp%2Fv2%2Fcomments&post=11130"}],"version-history":[{"count":1,"href":"https:\/\/wgphoto.pl\/t\/index.php?rest_route=\/wp\/v2\/posts\/11130\/revisions"}],"predecessor-version":[{"id":11132,"href":"https:\/\/wgphoto.pl\/t\/index.php?rest_route=\/wp\/v2\/posts\/11130\/revisions\/11132"}],"wp:featuredmedia":[{"embeddable":true,"href":"https:\/\/wgphoto.pl\/t\/index.php?rest_route=\/wp\/v2\/media\/11131"}],"wp:attachment":[{"href":"https:\/\/wgphoto.pl\/t\/index.php?rest_route=%2Fwp%2Fv2%2Fmedia&parent=11130"}],"wp:term":[{"taxonomy":"category","embeddable":true,"href":"https:\/\/wgphoto.pl\/t\/index.php?rest_route=%2Fwp%2Fv2%2Fcategories&post=11130"},{"taxonomy":"post_tag","embeddable":true,"href":"https:\/\/wgphoto.pl\/t\/index.php?rest_route=%2Fwp%2Fv2%2Ftags&post=11130"}],"curies":[{"name":"wp","href":"https:\/\/api.w.org\/{rel}","templated":true}]}}