{"id":11133,"date":"2025-02-02T13:10:13","date_gmt":"2025-02-02T12:10:13","guid":{"rendered":"https:\/\/wgphoto.pl\/t\/?p=11133"},"modified":"2025-02-02T13:10:13","modified_gmt":"2025-02-02T12:10:13","slug":"pl-sw-macieja","status":"publish","type":"post","link":"https:\/\/wgphoto.pl\/t\/?p=11133","title":{"rendered":"pl. \u015aw. Macieja"},"content":{"rendered":"\n<figure class=\"wp-block-image aligncenter size-full\"><img loading=\"lazy\" decoding=\"async\" width=\"700\" height=\"1050\" src=\"https:\/\/wgphoto.pl\/t\/wp-content\/uploads\/2025\/02\/0401-30_rsn.jpg\" alt=\"\" class=\"wp-image-11134\" srcset=\"https:\/\/wgphoto.pl\/t\/wp-content\/uploads\/2025\/02\/0401-30_rsn.jpg 700w, https:\/\/wgphoto.pl\/t\/wp-content\/uploads\/2025\/02\/0401-30_rsn-200x300.jpg 200w\" sizes=\"auto, (max-width: 700px) 100vw, 700px\" \/><\/figure>\n\n\n\n<div class=\"wp-block-group has-global-padding is-layout-constrained wp-block-group-is-layout-constrained\">\n<p>Wroc\u0142aw, pl. \u015aw. Macieja, 102Na 2034. W tym miejscu organizacja ruchu zmieni\u0142a si\u0119 mocno, ale infrastruktura drogowa le\u017cy do dzi\u015b ta sama. Oznacza to, \u017ce \u0142uk torowy, kt\u00f3ry na zdj\u0119ciu wygl\u0105da na \u015bwie\u017cy, po 21 latach prezentuje obraz n\u0119dzy i rozpaczy, co odzwierciedla dopuszczalna na nim pr\u0119dko\u015b\u0107 10 km\/h. 04.02.2004<\/p>\n<\/div>\n","protected":false},"excerpt":{"rendered":"<p>Wroc\u0142aw, pl. \u015aw. Macieja, 102Na 2034. W tym miejscu organizacja ruchu zmieni\u0142a si\u0119 mocno, ale infrastruktura drogowa le\u017cy do dzi\u015b ta sama. Oznacza to, \u017ce \u0142uk torowy, kt\u00f3ry na zdj\u0119ciu wygl\u0105da na \u015bwie\u017cy, po 21 latach prezentuje obraz n\u0119dzy i rozpaczy, co odzwierciedla dopuszczalna na nim pr\u0119dko\u015b\u0107 10 km\/h. 04.02.2004<\/p>\n","protected":false},"author":1,"featured_media":11134,"comment_status":"open","ping_status":"","sticky":false,"template":"","format":"standard","meta":{"footnotes":""},"categories":[62,128,61,3],"tags":[3089,34,309,42,27,41],"class_list":["post-11133","post","type-post","status-publish","format-standard","has-post-thumbnail","hentry","category-analog","category-pionowe","category-rok-2004","category-tramwaj","tag-2004-02-04","tag-architektura","tag-konstal-102na","tag-mpk-wroclaw","tag-polska","tag-wroclaw"],"_links":{"self":[{"href":"https:\/\/wgphoto.pl\/t\/index.php?rest_route=\/wp\/v2\/posts\/11133","targetHints":{"allow":["GET"]}}],"collection":[{"href":"https:\/\/wgphoto.pl\/t\/index.php?rest_route=\/wp\/v2\/posts"}],"about":[{"href":"https:\/\/wgphoto.pl\/t\/index.php?rest_route=\/wp\/v2\/types\/post"}],"author":[{"embeddable":true,"href":"https:\/\/wgphoto.pl\/t\/index.php?rest_route=\/wp\/v2\/users\/1"}],"replies":[{"embeddable":true,"href":"https:\/\/wgphoto.pl\/t\/index.php?rest_route=%2Fwp%2Fv2%2Fcomments&post=11133"}],"version-history":[{"count":1,"href":"https:\/\/wgphoto.pl\/t\/index.php?rest_route=\/wp\/v2\/posts\/11133\/revisions"}],"predecessor-version":[{"id":11135,"href":"https:\/\/wgphoto.pl\/t\/index.php?rest_route=\/wp\/v2\/posts\/11133\/revisions\/11135"}],"wp:featuredmedia":[{"embeddable":true,"href":"https:\/\/wgphoto.pl\/t\/index.php?rest_route=\/wp\/v2\/media\/11134"}],"wp:attachment":[{"href":"https:\/\/wgphoto.pl\/t\/index.php?rest_route=%2Fwp%2Fv2%2Fmedia&parent=11133"}],"wp:term":[{"taxonomy":"category","embeddable":true,"href":"https:\/\/wgphoto.pl\/t\/index.php?rest_route=%2Fwp%2Fv2%2Fcategories&post=11133"},{"taxonomy":"post_tag","embeddable":true,"href":"https:\/\/wgphoto.pl\/t\/index.php?rest_route=%2Fwp%2Fv2%2Ftags&post=11133"}],"curies":[{"name":"wp","href":"https:\/\/api.w.org\/{rel}","templated":true}]}}