{"id":11139,"date":"2025-02-02T14:23:12","date_gmt":"2025-02-02T13:23:12","guid":{"rendered":"https:\/\/wgphoto.pl\/t\/?p=11139"},"modified":"2025-02-02T14:23:12","modified_gmt":"2025-02-02T13:23:12","slug":"asea-m31-nr-304","status":"publish","type":"post","link":"https:\/\/wgphoto.pl\/t\/?p=11139","title":{"rendered":"ASEA M31 nr 304"},"content":{"rendered":"\n<figure class=\"wp-block-image aligncenter size-full\"><img loading=\"lazy\" decoding=\"async\" width=\"1200\" height=\"800\" src=\"https:\/\/wgphoto.pl\/t\/wp-content\/uploads\/2025\/02\/IMGP3082.jpg\" alt=\"\" class=\"wp-image-11140\" srcset=\"https:\/\/wgphoto.pl\/t\/wp-content\/uploads\/2025\/02\/IMGP3082.jpg 1200w, https:\/\/wgphoto.pl\/t\/wp-content\/uploads\/2025\/02\/IMGP3082-300x200.jpg 300w, https:\/\/wgphoto.pl\/t\/wp-content\/uploads\/2025\/02\/IMGP3082-768x512.jpg 768w\" sizes=\"auto, (max-width: 1200px) 100vw, 1200px\" \/><\/figure>\n\n\n\n<div class=\"wp-block-group has-global-padding is-layout-constrained wp-block-group-is-layout-constrained\">\n<p>G\u00f6teborg, Aschebergsgatan. &#8222;Pancerny&#8221; przegub w\u015br\u00f3d monumentalnych kamienic. Ogl\u0105da\u0142em te tramwaje na \u017cywo przez dwa dni, wielokrotnie przegl\u0105da\u0142em te\u017c przywiezione zdj\u0119cia, a dopiero teraz zauwa\u017cy\u0142em, \u017ce prz\u00f3d pojazdu jest niesymetryczny. 2011-08-21<\/p>\n<\/div>\n","protected":false},"excerpt":{"rendered":"<p>G\u00f6teborg, Aschebergsgatan. &#8222;Pancerny&#8221; przegub w\u015br\u00f3d monumentalnych kamienic. Ogl\u0105da\u0142em te tramwaje na \u017cywo przez dwa dni, wielokrotnie przegl\u0105da\u0142em te\u017c przywiezione zdj\u0119cia, a dopiero teraz zauwa\u017cy\u0142em, \u017ce prz\u00f3d pojazdu jest niesymetryczny. 2011-08-21<\/p>\n","protected":false},"author":1,"featured_media":11140,"comment_status":"open","ping_status":"","sticky":false,"template":"","format":"standard","meta":{"footnotes":""},"categories":[77,3],"tags":[1595,1591,1594,1593,685],"class_list":["post-11139","post","type-post","status-publish","format-standard","has-post-thumbnail","hentry","category-rok-2011","category-tramwaj","tag-2011-08-21","tag-goteborg","tag-gs-goteborg","tag-m31","tag-szwecja"],"_links":{"self":[{"href":"https:\/\/wgphoto.pl\/t\/index.php?rest_route=\/wp\/v2\/posts\/11139","targetHints":{"allow":["GET"]}}],"collection":[{"href":"https:\/\/wgphoto.pl\/t\/index.php?rest_route=\/wp\/v2\/posts"}],"about":[{"href":"https:\/\/wgphoto.pl\/t\/index.php?rest_route=\/wp\/v2\/types\/post"}],"author":[{"embeddable":true,"href":"https:\/\/wgphoto.pl\/t\/index.php?rest_route=\/wp\/v2\/users\/1"}],"replies":[{"embeddable":true,"href":"https:\/\/wgphoto.pl\/t\/index.php?rest_route=%2Fwp%2Fv2%2Fcomments&post=11139"}],"version-history":[{"count":1,"href":"https:\/\/wgphoto.pl\/t\/index.php?rest_route=\/wp\/v2\/posts\/11139\/revisions"}],"predecessor-version":[{"id":11141,"href":"https:\/\/wgphoto.pl\/t\/index.php?rest_route=\/wp\/v2\/posts\/11139\/revisions\/11141"}],"wp:featuredmedia":[{"embeddable":true,"href":"https:\/\/wgphoto.pl\/t\/index.php?rest_route=\/wp\/v2\/media\/11140"}],"wp:attachment":[{"href":"https:\/\/wgphoto.pl\/t\/index.php?rest_route=%2Fwp%2Fv2%2Fmedia&parent=11139"}],"wp:term":[{"taxonomy":"category","embeddable":true,"href":"https:\/\/wgphoto.pl\/t\/index.php?rest_route=%2Fwp%2Fv2%2Fcategories&post=11139"},{"taxonomy":"post_tag","embeddable":true,"href":"https:\/\/wgphoto.pl\/t\/index.php?rest_route=%2Fwp%2Fv2%2Ftags&post=11139"}],"curies":[{"name":"wp","href":"https:\/\/api.w.org\/{rel}","templated":true}]}}