{"id":11173,"date":"2025-02-02T14:41:14","date_gmt":"2025-02-02T13:41:14","guid":{"rendered":"https:\/\/wgphoto.pl\/t\/?p=11173"},"modified":"2025-02-02T14:41:14","modified_gmt":"2025-02-02T13:41:14","slug":"godzine-wczesniej","status":"publish","type":"post","link":"https:\/\/wgphoto.pl\/t\/?p=11173","title":{"rendered":"Godzin\u0119 wcze\u015bniej"},"content":{"rendered":"\n<figure class=\"wp-block-image aligncenter size-full\"><img loading=\"lazy\" decoding=\"async\" width=\"1200\" height=\"800\" src=\"https:\/\/wgphoto.pl\/t\/wp-content\/uploads\/2025\/02\/IMGP0013.jpg\" alt=\"\" class=\"wp-image-11174\" srcset=\"https:\/\/wgphoto.pl\/t\/wp-content\/uploads\/2025\/02\/IMGP0013.jpg 1200w, https:\/\/wgphoto.pl\/t\/wp-content\/uploads\/2025\/02\/IMGP0013-300x200.jpg 300w, https:\/\/wgphoto.pl\/t\/wp-content\/uploads\/2025\/02\/IMGP0013-768x512.jpg 768w\" sizes=\"auto, (max-width: 1200px) 100vw, 1200px\" \/><\/figure>\n\n\n\n<div class=\"wp-block-group has-global-padding is-layout-constrained wp-block-group-is-layout-constrained\">\n<p>Semafor wjazdowy do \u010cerven\u00e9ho Kostelce, sfotografowany z jad\u0105cym godzin\u0119 wcze\u015bniej (wzgl\u0119dem jakiego\u015b innego zdj\u0119cia) poci\u0105giem osobowym 15404 relacji Jarom\u011b\u0159 &#8211; Trutnov hl.n. 27.09.2009<\/p>\n<\/div>\n","protected":false},"excerpt":{"rendered":"<p>Semafor wjazdowy do \u010cerven\u00e9ho Kostelce, sfotografowany z jad\u0105cym godzin\u0119 wcze\u015bniej (wzgl\u0119dem jakiego\u015b innego zdj\u0119cia) poci\u0105giem osobowym 15404 relacji Jarom\u011b\u0159 &#8211; Trutnov hl.n. 27.09.2009<\/p>\n","protected":false},"author":1,"featured_media":11174,"comment_status":"open","ping_status":"","sticky":false,"template":"","format":"standard","meta":{"footnotes":""},"categories":[2,169],"tags":[2034,1868,50,2035,49,821,176,53,1917,1869],"class_list":["post-11173","post","type-post","status-publish","format-standard","has-post-thumbnail","hentry","category-kolej","category-rok-2009","tag-2009-09-27","tag-1868","tag-cd","tag-cerveny-kostelec","tag-czechy","tag-mgla","tag-rano","tag-sygnalizacja-ksztaltowa","tag-tab-cz032","tag-wagon-sterowniczy"],"_links":{"self":[{"href":"https:\/\/wgphoto.pl\/t\/index.php?rest_route=\/wp\/v2\/posts\/11173","targetHints":{"allow":["GET"]}}],"collection":[{"href":"https:\/\/wgphoto.pl\/t\/index.php?rest_route=\/wp\/v2\/posts"}],"about":[{"href":"https:\/\/wgphoto.pl\/t\/index.php?rest_route=\/wp\/v2\/types\/post"}],"author":[{"embeddable":true,"href":"https:\/\/wgphoto.pl\/t\/index.php?rest_route=\/wp\/v2\/users\/1"}],"replies":[{"embeddable":true,"href":"https:\/\/wgphoto.pl\/t\/index.php?rest_route=%2Fwp%2Fv2%2Fcomments&post=11173"}],"version-history":[{"count":1,"href":"https:\/\/wgphoto.pl\/t\/index.php?rest_route=\/wp\/v2\/posts\/11173\/revisions"}],"predecessor-version":[{"id":11175,"href":"https:\/\/wgphoto.pl\/t\/index.php?rest_route=\/wp\/v2\/posts\/11173\/revisions\/11175"}],"wp:featuredmedia":[{"embeddable":true,"href":"https:\/\/wgphoto.pl\/t\/index.php?rest_route=\/wp\/v2\/media\/11174"}],"wp:attachment":[{"href":"https:\/\/wgphoto.pl\/t\/index.php?rest_route=%2Fwp%2Fv2%2Fmedia&parent=11173"}],"wp:term":[{"taxonomy":"category","embeddable":true,"href":"https:\/\/wgphoto.pl\/t\/index.php?rest_route=%2Fwp%2Fv2%2Fcategories&post=11173"},{"taxonomy":"post_tag","embeddable":true,"href":"https:\/\/wgphoto.pl\/t\/index.php?rest_route=%2Fwp%2Fv2%2Ftags&post=11173"}],"curies":[{"name":"wp","href":"https:\/\/api.w.org\/{rel}","templated":true}]}}