{"id":11186,"date":"2025-02-02T14:47:49","date_gmt":"2025-02-02T13:47:49","guid":{"rendered":"https:\/\/wgphoto.pl\/t\/?p=11186"},"modified":"2025-02-02T14:47:49","modified_gmt":"2025-02-02T13:47:49","slug":"prosty-portret-z-petli-2","status":"publish","type":"post","link":"https:\/\/wgphoto.pl\/t\/?p=11186","title":{"rendered":"Prosty portret z p\u0119tli (2)"},"content":{"rendered":"\n<figure class=\"wp-block-image aligncenter size-full\"><img loading=\"lazy\" decoding=\"async\" width=\"1200\" height=\"800\" src=\"https:\/\/wgphoto.pl\/t\/wp-content\/uploads\/2025\/02\/IMGP3558.jpg\" alt=\"\" class=\"wp-image-11187\" srcset=\"https:\/\/wgphoto.pl\/t\/wp-content\/uploads\/2025\/02\/IMGP3558.jpg 1200w, https:\/\/wgphoto.pl\/t\/wp-content\/uploads\/2025\/02\/IMGP3558-300x200.jpg 300w, https:\/\/wgphoto.pl\/t\/wp-content\/uploads\/2025\/02\/IMGP3558-768x512.jpg 768w\" sizes=\"auto, (max-width: 1200px) 100vw, 1200px\" \/><\/figure>\n\n\n\n<div class=\"wp-block-group has-global-padding is-layout-constrained wp-block-group-is-layout-constrained\">\n<p>\u2026tym razem z p\u0119tli Tervuren Station. Dopiero teraz, przy okazji szukania lokalizacji na mapie (my\u015bla\u0142em \u017ce to b\u0119dzie druga p\u0119tla linii 44 ni\u017c wskazana na tablicy kierunkowej), zauwa\u017cy\u0142em \u017ce linia ta wyje\u017cd\u017ca poza granice Brukseli. Przy okazji (po raz drugi) &#8211; stolica Belgii jest kolejnym miastem, w kt\u00f3rym tablice kierunkowe tramwaj\u00f3w maj\u0105 kolor zale\u017cny od numeru linii. 17.05.2010<\/p>\n<\/div>\n","protected":false},"excerpt":{"rendered":"<p>\u2026tym razem z p\u0119tli Tervuren Station. Dopiero teraz, przy okazji szukania lokalizacji na mapie (my\u015bla\u0142em \u017ce to b\u0119dzie druga p\u0119tla linii 44 ni\u017c wskazana na tablicy kierunkowej), zauwa\u017cy\u0142em \u017ce linia ta wyje\u017cd\u017ca poza granice Brukseli. Przy okazji (po raz drugi) &#8211; stolica Belgii jest kolejnym miastem, w kt\u00f3rym tablice kierunkowe tramwaj\u00f3w maj\u0105 kolor zale\u017cny od [&hellip;]<\/p>\n","protected":false},"author":1,"featured_media":11187,"comment_status":"open","ping_status":"","sticky":false,"template":"","format":"standard","meta":{"footnotes":""},"categories":[86,3],"tags":[749,695,692,694,438,693],"class_list":["post-11186","post","type-post","status-publish","format-standard","has-post-thumbnail","hentry","category-rok-2010","category-tramwaj","tag-2010-05-17","tag-belgia","tag-bruksela","tag-pcc","tag-portret-z-petli","tag-stib-mivb-bruxelles"],"_links":{"self":[{"href":"https:\/\/wgphoto.pl\/t\/index.php?rest_route=\/wp\/v2\/posts\/11186","targetHints":{"allow":["GET"]}}],"collection":[{"href":"https:\/\/wgphoto.pl\/t\/index.php?rest_route=\/wp\/v2\/posts"}],"about":[{"href":"https:\/\/wgphoto.pl\/t\/index.php?rest_route=\/wp\/v2\/types\/post"}],"author":[{"embeddable":true,"href":"https:\/\/wgphoto.pl\/t\/index.php?rest_route=\/wp\/v2\/users\/1"}],"replies":[{"embeddable":true,"href":"https:\/\/wgphoto.pl\/t\/index.php?rest_route=%2Fwp%2Fv2%2Fcomments&post=11186"}],"version-history":[{"count":1,"href":"https:\/\/wgphoto.pl\/t\/index.php?rest_route=\/wp\/v2\/posts\/11186\/revisions"}],"predecessor-version":[{"id":11188,"href":"https:\/\/wgphoto.pl\/t\/index.php?rest_route=\/wp\/v2\/posts\/11186\/revisions\/11188"}],"wp:featuredmedia":[{"embeddable":true,"href":"https:\/\/wgphoto.pl\/t\/index.php?rest_route=\/wp\/v2\/media\/11187"}],"wp:attachment":[{"href":"https:\/\/wgphoto.pl\/t\/index.php?rest_route=%2Fwp%2Fv2%2Fmedia&parent=11186"}],"wp:term":[{"taxonomy":"category","embeddable":true,"href":"https:\/\/wgphoto.pl\/t\/index.php?rest_route=%2Fwp%2Fv2%2Fcategories&post=11186"},{"taxonomy":"post_tag","embeddable":true,"href":"https:\/\/wgphoto.pl\/t\/index.php?rest_route=%2Fwp%2Fv2%2Ftags&post=11186"}],"curies":[{"name":"wp","href":"https:\/\/api.w.org\/{rel}","templated":true}]}}