{"id":11204,"date":"2025-02-02T14:55:11","date_gmt":"2025-02-02T13:55:11","guid":{"rendered":"https:\/\/wgphoto.pl\/t\/?p=11204"},"modified":"2025-04-12T11:01:38","modified_gmt":"2025-04-12T09:01:38","slug":"km-1215","status":"publish","type":"post","link":"https:\/\/wgphoto.pl\/t\/?p=11204","title":{"rendered":"Km 121,5"},"content":{"rendered":"\n<figure class=\"wp-block-image aligncenter size-full\"><img loading=\"lazy\" decoding=\"async\" width=\"1200\" height=\"800\" src=\"https:\/\/wgphoto.pl\/t\/wp-content\/uploads\/2025\/02\/0708-19.jpg\" alt=\"\" class=\"wp-image-11205\" srcset=\"https:\/\/wgphoto.pl\/t\/wp-content\/uploads\/2025\/02\/0708-19.jpg 1200w, https:\/\/wgphoto.pl\/t\/wp-content\/uploads\/2025\/02\/0708-19-300x200.jpg 300w, https:\/\/wgphoto.pl\/t\/wp-content\/uploads\/2025\/02\/0708-19-768x512.jpg 768w\" sizes=\"auto, (max-width: 1200px) 100vw, 1200px\" \/><\/figure>\n\n\n\n<div class=\"wp-block-group has-global-padding is-layout-constrained wp-block-group-is-layout-constrained\">\n<p>Charakterystyczne kontenery o przekroczonej skrajni z ET22-848 zosta\u0142y przy\u0142apane na zupe\u0142nym bezmotywiu w desperackim uj\u0119ciu z jakiego\u015b s\u0142upa mi\u0119dzy Now\u0105 Sol\u0105 a Bytomiem Odrza\u0144skim. Je\u015bli kto\u015b odnajdzie kiedy\u015b z\u0142oty poci\u0105g w kilometrze 121,5, to b\u0119dzie przynajmniej wiadomo, \u017ce to w\u0142a\u015bnie tu. 22.04.2007<\/p>\n<\/div>\n","protected":false},"excerpt":{"rendered":"<p>Charakterystyczne kontenery o przekroczonej skrajni z ET22-848 zosta\u0142y przy\u0142apane na zupe\u0142nym bezmotywiu w desperackim uj\u0119ciu z jakiego\u015b s\u0142upa mi\u0119dzy Now\u0105 Sol\u0105 a Bytomiem Odrza\u0144skim. Je\u015bli kto\u015b odnajdzie kiedy\u015b z\u0142oty poci\u0105g w kilometrze 121,5, to b\u0119dzie przynajmniej wiadomo, \u017ce to w\u0142a\u015bnie tu. 22.04.2007<\/p>\n","protected":false},"author":1,"featured_media":11205,"comment_status":"open","ping_status":"","sticky":false,"template":"","format":"standard","meta":{"footnotes":""},"categories":[62,2,96],"tags":[1728,1727,26,3094,63,27,1071],"class_list":["post-11204","post","type-post","status-publish","format-standard","has-post-thumbnail","hentry","category-analog","category-kolej","category-rok-2007","tag-2007-04-22","tag-bytom-odrzanski","tag-et22","tag-nowa-sol","tag-pkp","tag-polska","tag-tab-pl355"],"_links":{"self":[{"href":"https:\/\/wgphoto.pl\/t\/index.php?rest_route=\/wp\/v2\/posts\/11204","targetHints":{"allow":["GET"]}}],"collection":[{"href":"https:\/\/wgphoto.pl\/t\/index.php?rest_route=\/wp\/v2\/posts"}],"about":[{"href":"https:\/\/wgphoto.pl\/t\/index.php?rest_route=\/wp\/v2\/types\/post"}],"author":[{"embeddable":true,"href":"https:\/\/wgphoto.pl\/t\/index.php?rest_route=\/wp\/v2\/users\/1"}],"replies":[{"embeddable":true,"href":"https:\/\/wgphoto.pl\/t\/index.php?rest_route=%2Fwp%2Fv2%2Fcomments&post=11204"}],"version-history":[{"count":3,"href":"https:\/\/wgphoto.pl\/t\/index.php?rest_route=\/wp\/v2\/posts\/11204\/revisions"}],"predecessor-version":[{"id":11223,"href":"https:\/\/wgphoto.pl\/t\/index.php?rest_route=\/wp\/v2\/posts\/11204\/revisions\/11223"}],"wp:featuredmedia":[{"embeddable":true,"href":"https:\/\/wgphoto.pl\/t\/index.php?rest_route=\/wp\/v2\/media\/11205"}],"wp:attachment":[{"href":"https:\/\/wgphoto.pl\/t\/index.php?rest_route=%2Fwp%2Fv2%2Fmedia&parent=11204"}],"wp:term":[{"taxonomy":"category","embeddable":true,"href":"https:\/\/wgphoto.pl\/t\/index.php?rest_route=%2Fwp%2Fv2%2Fcategories&post=11204"},{"taxonomy":"post_tag","embeddable":true,"href":"https:\/\/wgphoto.pl\/t\/index.php?rest_route=%2Fwp%2Fv2%2Ftags&post=11204"}],"curies":[{"name":"wp","href":"https:\/\/api.w.org\/{rel}","templated":true}]}}