{"id":11211,"date":"2025-02-02T14:57:23","date_gmt":"2025-02-02T13:57:23","guid":{"rendered":"https:\/\/wgphoto.pl\/t\/?p=11211"},"modified":"2025-02-02T14:57:23","modified_gmt":"2025-02-02T13:57:23","slug":"slazak-nad-odra","status":"publish","type":"post","link":"https:\/\/wgphoto.pl\/t\/?p=11211","title":{"rendered":"\u015al\u0105zak nad Odr\u0105"},"content":{"rendered":"\n<figure class=\"wp-block-image aligncenter size-full\"><img loading=\"lazy\" decoding=\"async\" width=\"1200\" height=\"800\" src=\"https:\/\/wgphoto.pl\/t\/wp-content\/uploads\/2025\/02\/0708-09.jpg\" alt=\"\" class=\"wp-image-11212\" srcset=\"https:\/\/wgphoto.pl\/t\/wp-content\/uploads\/2025\/02\/0708-09.jpg 1200w, https:\/\/wgphoto.pl\/t\/wp-content\/uploads\/2025\/02\/0708-09-300x200.jpg 300w, https:\/\/wgphoto.pl\/t\/wp-content\/uploads\/2025\/02\/0708-09-768x512.jpg 768w\" sizes=\"auto, (max-width: 1200px) 100vw, 1200px\" \/><\/figure>\n\n\n\n<div class=\"wp-block-group has-global-padding is-layout-constrained wp-block-group-is-layout-constrained\">\n<p>ET22-357 z Zak\u0142adu Taboru w \u017burawicy prowadzi poci\u0105g pospieszny 73100 &#8222;\u015al\u0105zak&#8221; z Zielonej G\u00f3ry do Przemy\u015bla. Sk\u0142ad ten przeprawia si\u0119 przez most nad Odr\u0105 na szlaku \u015acinawa &#8211; Ma\u0142owice Wo\u0142owskie. 2007-04-22<\/p>\n<\/div>\n","protected":false},"excerpt":{"rendered":"<p>ET22-357 z Zak\u0142adu Taboru w \u017burawicy prowadzi poci\u0105g pospieszny 73100 &#8222;\u015al\u0105zak&#8221; z Zielonej G\u00f3ry do Przemy\u015bla. Sk\u0142ad ten przeprawia si\u0119 przez most nad Odr\u0105 na szlaku \u015acinawa &#8211; Ma\u0142owice Wo\u0142owskie. 2007-04-22<\/p>\n","protected":false},"author":1,"featured_media":11212,"comment_status":"open","ping_status":"","sticky":false,"template":"","format":"standard","meta":{"footnotes":""},"categories":[62,2,96],"tags":[1728,26,2470,45,63,27,176,1026,1024],"class_list":["post-11211","post","type-post","status-publish","format-standard","has-post-thumbnail","hentry","category-analog","category-kolej","category-rok-2007","tag-2007-04-22","tag-et22","tag-malowice-wolowskie","tag-most","tag-pkp","tag-polska","tag-rano","tag-scinawa","tag-tab-pl265"],"_links":{"self":[{"href":"https:\/\/wgphoto.pl\/t\/index.php?rest_route=\/wp\/v2\/posts\/11211","targetHints":{"allow":["GET"]}}],"collection":[{"href":"https:\/\/wgphoto.pl\/t\/index.php?rest_route=\/wp\/v2\/posts"}],"about":[{"href":"https:\/\/wgphoto.pl\/t\/index.php?rest_route=\/wp\/v2\/types\/post"}],"author":[{"embeddable":true,"href":"https:\/\/wgphoto.pl\/t\/index.php?rest_route=\/wp\/v2\/users\/1"}],"replies":[{"embeddable":true,"href":"https:\/\/wgphoto.pl\/t\/index.php?rest_route=%2Fwp%2Fv2%2Fcomments&post=11211"}],"version-history":[{"count":1,"href":"https:\/\/wgphoto.pl\/t\/index.php?rest_route=\/wp\/v2\/posts\/11211\/revisions"}],"predecessor-version":[{"id":11213,"href":"https:\/\/wgphoto.pl\/t\/index.php?rest_route=\/wp\/v2\/posts\/11211\/revisions\/11213"}],"wp:featuredmedia":[{"embeddable":true,"href":"https:\/\/wgphoto.pl\/t\/index.php?rest_route=\/wp\/v2\/media\/11212"}],"wp:attachment":[{"href":"https:\/\/wgphoto.pl\/t\/index.php?rest_route=%2Fwp%2Fv2%2Fmedia&parent=11211"}],"wp:term":[{"taxonomy":"category","embeddable":true,"href":"https:\/\/wgphoto.pl\/t\/index.php?rest_route=%2Fwp%2Fv2%2Fcategories&post=11211"},{"taxonomy":"post_tag","embeddable":true,"href":"https:\/\/wgphoto.pl\/t\/index.php?rest_route=%2Fwp%2Fv2%2Ftags&post=11211"}],"curies":[{"name":"wp","href":"https:\/\/api.w.org\/{rel}","templated":true}]}}