{"id":11227,"date":"2025-02-02T17:19:40","date_gmt":"2025-02-02T16:19:40","guid":{"rendered":"https:\/\/wgphoto.pl\/t\/?p=11227"},"modified":"2025-02-02T17:19:40","modified_gmt":"2025-02-02T16:19:40","slug":"o-tym-ze-warto-jest-korzystac-z-widokow-poki-sa","status":"publish","type":"post","link":"https:\/\/wgphoto.pl\/t\/?p=11227","title":{"rendered":"O tym, \u017ce warto jest korzysta\u0107 z widok\u00f3w, p\u00f3ki s\u0105"},"content":{"rendered":"\n<figure class=\"wp-block-image aligncenter size-full\"><img loading=\"lazy\" decoding=\"async\" width=\"1200\" height=\"795\" src=\"https:\/\/wgphoto.pl\/t\/wp-content\/uploads\/2025\/02\/IMGP6841.jpg\" alt=\"\" class=\"wp-image-11228\" srcset=\"https:\/\/wgphoto.pl\/t\/wp-content\/uploads\/2025\/02\/IMGP6841.jpg 1200w, https:\/\/wgphoto.pl\/t\/wp-content\/uploads\/2025\/02\/IMGP6841-300x199.jpg 300w, https:\/\/wgphoto.pl\/t\/wp-content\/uploads\/2025\/02\/IMGP6841-768x509.jpg 768w\" sizes=\"auto, (max-width: 1200px) 100vw, 1200px\" \/><\/figure>\n\n\n\n<div class=\"wp-block-group has-global-padding is-layout-constrained wp-block-group-is-layout-constrained\">\n<p>Innsbruck, Fritz-Konzert-Stra\u00dfe. Kilka godzin p\u00f3\u017aniej tramwaj z poprzedniego zdj\u0119cia wykonuje kolejny skr\u00f3cony kurs STB do Kreith. G\u00f3rki widoczne w tle maj\u0105 ponad 2300 metr\u00f3w wysoko\u015bci i wygl\u0105daj\u0105 bardzo dostojnie, lecz nast\u0119pnego dnia schowaj\u0105 si\u0119 za chmurami. 18.08.2014<\/p>\n<\/div>\n","protected":false},"excerpt":{"rendered":"<p>Innsbruck, Fritz-Konzert-Stra\u00dfe. Kilka godzin p\u00f3\u017aniej tramwaj z poprzedniego zdj\u0119cia wykonuje kolejny skr\u00f3cony kurs STB do Kreith. G\u00f3rki widoczne w tle maj\u0105 ponad 2300 metr\u00f3w wysoko\u015bci i wygl\u0105daj\u0105 bardzo dostojnie, lecz nast\u0119pnego dnia schowaj\u0105 si\u0119 za chmurami. 18.08.2014<\/p>\n","protected":false},"author":1,"featured_media":11228,"comment_status":"open","ping_status":"","sticky":false,"template":"","format":"standard","meta":{"footnotes":""},"categories":[48,3],"tags":[243,9,185,114,241,242],"class_list":["post-11227","post","type-post","status-publish","format-standard","has-post-thumbnail","hentry","category-rok-2014","category-tramwaj","tag-2014-08-18","tag-austria","tag-cityrunner","tag-gory","tag-innsbruck","tag-ivb-innsbruck"],"_links":{"self":[{"href":"https:\/\/wgphoto.pl\/t\/index.php?rest_route=\/wp\/v2\/posts\/11227","targetHints":{"allow":["GET"]}}],"collection":[{"href":"https:\/\/wgphoto.pl\/t\/index.php?rest_route=\/wp\/v2\/posts"}],"about":[{"href":"https:\/\/wgphoto.pl\/t\/index.php?rest_route=\/wp\/v2\/types\/post"}],"author":[{"embeddable":true,"href":"https:\/\/wgphoto.pl\/t\/index.php?rest_route=\/wp\/v2\/users\/1"}],"replies":[{"embeddable":true,"href":"https:\/\/wgphoto.pl\/t\/index.php?rest_route=%2Fwp%2Fv2%2Fcomments&post=11227"}],"version-history":[{"count":1,"href":"https:\/\/wgphoto.pl\/t\/index.php?rest_route=\/wp\/v2\/posts\/11227\/revisions"}],"predecessor-version":[{"id":11229,"href":"https:\/\/wgphoto.pl\/t\/index.php?rest_route=\/wp\/v2\/posts\/11227\/revisions\/11229"}],"wp:featuredmedia":[{"embeddable":true,"href":"https:\/\/wgphoto.pl\/t\/index.php?rest_route=\/wp\/v2\/media\/11228"}],"wp:attachment":[{"href":"https:\/\/wgphoto.pl\/t\/index.php?rest_route=%2Fwp%2Fv2%2Fmedia&parent=11227"}],"wp:term":[{"taxonomy":"category","embeddable":true,"href":"https:\/\/wgphoto.pl\/t\/index.php?rest_route=%2Fwp%2Fv2%2Fcategories&post=11227"},{"taxonomy":"post_tag","embeddable":true,"href":"https:\/\/wgphoto.pl\/t\/index.php?rest_route=%2Fwp%2Fv2%2Ftags&post=11227"}],"curies":[{"name":"wp","href":"https:\/\/api.w.org\/{rel}","templated":true}]}}