{"id":11230,"date":"2025-02-02T17:20:35","date_gmt":"2025-02-02T16:20:35","guid":{"rendered":"https:\/\/wgphoto.pl\/t\/?p=11230"},"modified":"2025-02-02T17:20:35","modified_gmt":"2025-02-02T16:20:35","slug":"igls","status":"publish","type":"post","link":"https:\/\/wgphoto.pl\/t\/?p=11230","title":{"rendered":"Igls"},"content":{"rendered":"\n<figure class=\"wp-block-image aligncenter size-full\"><img loading=\"lazy\" decoding=\"async\" width=\"1200\" height=\"795\" src=\"https:\/\/wgphoto.pl\/t\/wp-content\/uploads\/2025\/02\/IMGP6835.jpg\" alt=\"\" class=\"wp-image-11231\" srcset=\"https:\/\/wgphoto.pl\/t\/wp-content\/uploads\/2025\/02\/IMGP6835.jpg 1200w, https:\/\/wgphoto.pl\/t\/wp-content\/uploads\/2025\/02\/IMGP6835-300x199.jpg 300w, https:\/\/wgphoto.pl\/t\/wp-content\/uploads\/2025\/02\/IMGP6835-768x509.jpg 768w\" sizes=\"auto, (max-width: 1200px) 100vw, 1200px\" \/><\/figure>\n\n\n\n<div class=\"wp-block-group has-global-padding is-layout-constrained wp-block-group-is-layout-constrained\">\n<p>Prosty portret z p\u0119tli w Igls, kt\u00f3ra to p\u0119tla, od kiedy kursuj\u0105 tu wy\u0142\u0105cznie dwukierunkowe Cityrunnery, nie jest ju\u017c wykorzystywana do zmiany kierunku. 18.08.2014<\/p>\n<\/div>\n","protected":false},"excerpt":{"rendered":"<p>Prosty portret z p\u0119tli w Igls, kt\u00f3ra to p\u0119tla, od kiedy kursuj\u0105 tu wy\u0142\u0105cznie dwukierunkowe Cityrunnery, nie jest ju\u017c wykorzystywana do zmiany kierunku. 18.08.2014<\/p>\n","protected":false},"author":1,"featured_media":11231,"comment_status":"open","ping_status":"","sticky":false,"template":"","format":"standard","meta":{"footnotes":""},"categories":[48,3],"tags":[243,9,185,241,242,2188],"class_list":["post-11230","post","type-post","status-publish","format-standard","has-post-thumbnail","hentry","category-rok-2014","category-tramwaj","tag-2014-08-18","tag-austria","tag-cityrunner","tag-innsbruck","tag-ivb-innsbruck","tag-mittelgebirgsbahn"],"_links":{"self":[{"href":"https:\/\/wgphoto.pl\/t\/index.php?rest_route=\/wp\/v2\/posts\/11230","targetHints":{"allow":["GET"]}}],"collection":[{"href":"https:\/\/wgphoto.pl\/t\/index.php?rest_route=\/wp\/v2\/posts"}],"about":[{"href":"https:\/\/wgphoto.pl\/t\/index.php?rest_route=\/wp\/v2\/types\/post"}],"author":[{"embeddable":true,"href":"https:\/\/wgphoto.pl\/t\/index.php?rest_route=\/wp\/v2\/users\/1"}],"replies":[{"embeddable":true,"href":"https:\/\/wgphoto.pl\/t\/index.php?rest_route=%2Fwp%2Fv2%2Fcomments&post=11230"}],"version-history":[{"count":1,"href":"https:\/\/wgphoto.pl\/t\/index.php?rest_route=\/wp\/v2\/posts\/11230\/revisions"}],"predecessor-version":[{"id":11232,"href":"https:\/\/wgphoto.pl\/t\/index.php?rest_route=\/wp\/v2\/posts\/11230\/revisions\/11232"}],"wp:featuredmedia":[{"embeddable":true,"href":"https:\/\/wgphoto.pl\/t\/index.php?rest_route=\/wp\/v2\/media\/11231"}],"wp:attachment":[{"href":"https:\/\/wgphoto.pl\/t\/index.php?rest_route=%2Fwp%2Fv2%2Fmedia&parent=11230"}],"wp:term":[{"taxonomy":"category","embeddable":true,"href":"https:\/\/wgphoto.pl\/t\/index.php?rest_route=%2Fwp%2Fv2%2Fcategories&post=11230"},{"taxonomy":"post_tag","embeddable":true,"href":"https:\/\/wgphoto.pl\/t\/index.php?rest_route=%2Fwp%2Fv2%2Ftags&post=11230"}],"curies":[{"name":"wp","href":"https:\/\/api.w.org\/{rel}","templated":true}]}}