{"id":11233,"date":"2025-02-02T17:21:29","date_gmt":"2025-02-02T16:21:29","guid":{"rendered":"https:\/\/wgphoto.pl\/t\/?p=11233"},"modified":"2025-02-02T17:21:29","modified_gmt":"2025-02-02T16:21:29","slug":"lans-2","status":"publish","type":"post","link":"https:\/\/wgphoto.pl\/t\/?p=11233","title":{"rendered":"Lans (2)"},"content":{"rendered":"\n<figure class=\"wp-block-image aligncenter size-full\"><img loading=\"lazy\" decoding=\"async\" width=\"1300\" height=\"861\" src=\"https:\/\/wgphoto.pl\/t\/wp-content\/uploads\/2025\/02\/IMGP6823.jpg\" alt=\"\" class=\"wp-image-11234\" srcset=\"https:\/\/wgphoto.pl\/t\/wp-content\/uploads\/2025\/02\/IMGP6823.jpg 1300w, https:\/\/wgphoto.pl\/t\/wp-content\/uploads\/2025\/02\/IMGP6823-300x199.jpg 300w, https:\/\/wgphoto.pl\/t\/wp-content\/uploads\/2025\/02\/IMGP6823-768x509.jpg 768w\" sizes=\"auto, (max-width: 1300px) 100vw, 1300px\" \/><\/figure>\n\n\n\n<div class=\"wp-block-group has-global-padding is-layout-constrained wp-block-group-is-layout-constrained\">\n<p>Kiedy\u015b zaistnia\u0142o tutaj podobne uj\u0119cie. Powy\u017csze powsta\u0142o prawie w tym samym miejscu, podczas kursu powrotnego. 2014-08-18<\/p>\n<\/div>\n","protected":false},"excerpt":{"rendered":"<p>Kiedy\u015b zaistnia\u0142o tutaj podobne uj\u0119cie. Powy\u017csze powsta\u0142o prawie w tym samym miejscu, podczas kursu powrotnego. 2014-08-18<\/p>\n","protected":false},"author":1,"featured_media":11234,"comment_status":"open","ping_status":"","sticky":false,"template":"","format":"standard","meta":{"footnotes":""},"categories":[48,3],"tags":[243,9,185,114,241,242,2188],"class_list":["post-11233","post","type-post","status-publish","format-standard","has-post-thumbnail","hentry","category-rok-2014","category-tramwaj","tag-2014-08-18","tag-austria","tag-cityrunner","tag-gory","tag-innsbruck","tag-ivb-innsbruck","tag-mittelgebirgsbahn"],"_links":{"self":[{"href":"https:\/\/wgphoto.pl\/t\/index.php?rest_route=\/wp\/v2\/posts\/11233","targetHints":{"allow":["GET"]}}],"collection":[{"href":"https:\/\/wgphoto.pl\/t\/index.php?rest_route=\/wp\/v2\/posts"}],"about":[{"href":"https:\/\/wgphoto.pl\/t\/index.php?rest_route=\/wp\/v2\/types\/post"}],"author":[{"embeddable":true,"href":"https:\/\/wgphoto.pl\/t\/index.php?rest_route=\/wp\/v2\/users\/1"}],"replies":[{"embeddable":true,"href":"https:\/\/wgphoto.pl\/t\/index.php?rest_route=%2Fwp%2Fv2%2Fcomments&post=11233"}],"version-history":[{"count":1,"href":"https:\/\/wgphoto.pl\/t\/index.php?rest_route=\/wp\/v2\/posts\/11233\/revisions"}],"predecessor-version":[{"id":11235,"href":"https:\/\/wgphoto.pl\/t\/index.php?rest_route=\/wp\/v2\/posts\/11233\/revisions\/11235"}],"wp:featuredmedia":[{"embeddable":true,"href":"https:\/\/wgphoto.pl\/t\/index.php?rest_route=\/wp\/v2\/media\/11234"}],"wp:attachment":[{"href":"https:\/\/wgphoto.pl\/t\/index.php?rest_route=%2Fwp%2Fv2%2Fmedia&parent=11233"}],"wp:term":[{"taxonomy":"category","embeddable":true,"href":"https:\/\/wgphoto.pl\/t\/index.php?rest_route=%2Fwp%2Fv2%2Fcategories&post=11233"},{"taxonomy":"post_tag","embeddable":true,"href":"https:\/\/wgphoto.pl\/t\/index.php?rest_route=%2Fwp%2Fv2%2Ftags&post=11233"}],"curies":[{"name":"wp","href":"https:\/\/api.w.org\/{rel}","templated":true}]}}