{"id":1124,"date":"2024-10-02T16:12:43","date_gmt":"2024-10-02T14:12:43","guid":{"rendered":"https:\/\/wgphoto.pl\/t\/?p=1124"},"modified":"2024-10-02T16:12:43","modified_gmt":"2024-10-02T14:12:43","slug":"towarowa-z-pasazerskim","status":"publish","type":"post","link":"https:\/\/wgphoto.pl\/t\/?p=1124","title":{"rendered":"Towarowa z pasa\u017cerskim"},"content":{"rendered":"\n<figure class=\"wp-block-image aligncenter size-full\"><img loading=\"lazy\" decoding=\"async\" width=\"1200\" height=\"803\" src=\"https:\/\/wgphoto.pl\/t\/wp-content\/uploads\/2024\/10\/IMGP6854.jpg\" alt=\"\" class=\"wp-image-1125\" srcset=\"https:\/\/wgphoto.pl\/t\/wp-content\/uploads\/2024\/10\/IMGP6854.jpg 1200w, https:\/\/wgphoto.pl\/t\/wp-content\/uploads\/2024\/10\/IMGP6854-300x201.jpg 300w, https:\/\/wgphoto.pl\/t\/wp-content\/uploads\/2024\/10\/IMGP6854-768x514.jpg 768w\" sizes=\"auto, (max-width: 1200px) 100vw, 1200px\" \/><\/figure>\n\n\n\n<div class=\"wp-block-group has-global-padding is-layout-constrained wp-block-group-is-layout-constrained\">\n<p>Towarowa nie tylko w kwestii charakterystyki, ale i w\u0142a\u015bciciela. Niecz\u0119sto si\u0119 bowiem zdarza(\u0142o), \u017ce lokomotywa PKP Cargo by\u0142a zatrudniana do obs\u0142ugi po\u0142\u0105cze\u0144 sp\u00f3\u0142ki Intercity. 12.07.2009<\/p>\n<\/div>\n","protected":false},"excerpt":{"rendered":"<p>Towarowa nie tylko w kwestii charakterystyki, ale i w\u0142a\u015bciciela. Niecz\u0119sto si\u0119 bowiem zdarza(\u0142o), \u017ce lokomotywa PKP Cargo by\u0142a zatrudniana do obs\u0142ugi po\u0142\u0105cze\u0144 sp\u00f3\u0142ki Intercity. 12.07.2009<\/p>\n","protected":false},"author":1,"featured_media":1125,"comment_status":"open","ping_status":"","sticky":false,"template":"","format":"standard","meta":{"footnotes":""},"categories":[2,169],"tags":[538,536,27,530,53,537,533],"class_list":["post-1124","post","type-post","status-publish","format-standard","has-post-thumbnail","hentry","category-kolej","category-rok-2009","tag-2009-07-12","tag-olecko","tag-polska","tag-st44","tag-sygnalizacja-ksztaltowa","tag-tab-pl536","tag-z-sokolki-do-mlynar-2009"],"_links":{"self":[{"href":"https:\/\/wgphoto.pl\/t\/index.php?rest_route=\/wp\/v2\/posts\/1124","targetHints":{"allow":["GET"]}}],"collection":[{"href":"https:\/\/wgphoto.pl\/t\/index.php?rest_route=\/wp\/v2\/posts"}],"about":[{"href":"https:\/\/wgphoto.pl\/t\/index.php?rest_route=\/wp\/v2\/types\/post"}],"author":[{"embeddable":true,"href":"https:\/\/wgphoto.pl\/t\/index.php?rest_route=\/wp\/v2\/users\/1"}],"replies":[{"embeddable":true,"href":"https:\/\/wgphoto.pl\/t\/index.php?rest_route=%2Fwp%2Fv2%2Fcomments&post=1124"}],"version-history":[{"count":1,"href":"https:\/\/wgphoto.pl\/t\/index.php?rest_route=\/wp\/v2\/posts\/1124\/revisions"}],"predecessor-version":[{"id":1126,"href":"https:\/\/wgphoto.pl\/t\/index.php?rest_route=\/wp\/v2\/posts\/1124\/revisions\/1126"}],"wp:featuredmedia":[{"embeddable":true,"href":"https:\/\/wgphoto.pl\/t\/index.php?rest_route=\/wp\/v2\/media\/1125"}],"wp:attachment":[{"href":"https:\/\/wgphoto.pl\/t\/index.php?rest_route=%2Fwp%2Fv2%2Fmedia&parent=1124"}],"wp:term":[{"taxonomy":"category","embeddable":true,"href":"https:\/\/wgphoto.pl\/t\/index.php?rest_route=%2Fwp%2Fv2%2Fcategories&post=1124"},{"taxonomy":"post_tag","embeddable":true,"href":"https:\/\/wgphoto.pl\/t\/index.php?rest_route=%2Fwp%2Fv2%2Ftags&post=1124"}],"curies":[{"name":"wp","href":"https:\/\/api.w.org\/{rel}","templated":true}]}}