{"id":11268,"date":"2025-02-03T19:02:45","date_gmt":"2025-02-03T18:02:45","guid":{"rendered":"https:\/\/wgphoto.pl\/t\/?p=11268"},"modified":"2025-02-03T19:02:45","modified_gmt":"2025-02-03T18:02:45","slug":"pocztowka-z-letniej-pragi","status":"publish","type":"post","link":"https:\/\/wgphoto.pl\/t\/?p=11268","title":{"rendered":"Poczt\u00f3wka z letniej Pragi"},"content":{"rendered":"\n<figure class=\"wp-block-image aligncenter size-full\"><img loading=\"lazy\" decoding=\"async\" width=\"600\" height=\"900\" src=\"https:\/\/wgphoto.pl\/t\/wp-content\/uploads\/2025\/02\/IMGP7210.jpg\" alt=\"\" class=\"wp-image-11269\" srcset=\"https:\/\/wgphoto.pl\/t\/wp-content\/uploads\/2025\/02\/IMGP7210.jpg 600w, https:\/\/wgphoto.pl\/t\/wp-content\/uploads\/2025\/02\/IMGP7210-200x300.jpg 200w\" sizes=\"auto, (max-width: 600px) 100vw, 600px\" \/><\/figure>\n\n\n\n<div class=\"wp-block-group has-global-padding is-layout-constrained wp-block-group-is-layout-constrained\">\n<p>Praga, \u010cech\u016fv most. Nauka jazdy przeprawia si\u0119 na lewy brzeg We\u0142tawy, pozostawiaj\u0105c za sob\u0105 wie\u017ce Starego Miasta. Najwy\u017csza spo\u015br\u00f3d nich nale\u017cy do ratusza, kamienice za\u015b widoczne na ko\u0144cu zadrzewionej alei stoj\u0105 na po\u0142udniowej pierzei rynku. 20.08.2014<\/p>\n<\/div>\n","protected":false},"excerpt":{"rendered":"<p>Praga, \u010cech\u016fv most. Nauka jazdy przeprawia si\u0119 na lewy brzeg We\u0142tawy, pozostawiaj\u0105c za sob\u0105 wie\u017ce Starego Miasta. Najwy\u017csza spo\u015br\u00f3d nich nale\u017cy do ratusza, kamienice za\u015b widoczne na ko\u0144cu zadrzewionej alei stoj\u0105 na po\u0142udniowej pierzei rynku. 20.08.2014<\/p>\n","protected":false},"author":1,"featured_media":11269,"comment_status":"open","ping_status":"","sticky":false,"template":"","format":"standard","meta":{"footnotes":""},"categories":[128,48,3],"tags":[2650,49,1049,113,52,1011],"class_list":["post-11268","post","type-post","status-publish","format-standard","has-post-thumbnail","hentry","category-pionowe","category-rok-2014","category-tramwaj","tag-2014-08-20","tag-czechy","tag-dp-praha","tag-landszaft","tag-praga","tag-tatra-t3"],"_links":{"self":[{"href":"https:\/\/wgphoto.pl\/t\/index.php?rest_route=\/wp\/v2\/posts\/11268","targetHints":{"allow":["GET"]}}],"collection":[{"href":"https:\/\/wgphoto.pl\/t\/index.php?rest_route=\/wp\/v2\/posts"}],"about":[{"href":"https:\/\/wgphoto.pl\/t\/index.php?rest_route=\/wp\/v2\/types\/post"}],"author":[{"embeddable":true,"href":"https:\/\/wgphoto.pl\/t\/index.php?rest_route=\/wp\/v2\/users\/1"}],"replies":[{"embeddable":true,"href":"https:\/\/wgphoto.pl\/t\/index.php?rest_route=%2Fwp%2Fv2%2Fcomments&post=11268"}],"version-history":[{"count":1,"href":"https:\/\/wgphoto.pl\/t\/index.php?rest_route=\/wp\/v2\/posts\/11268\/revisions"}],"predecessor-version":[{"id":11270,"href":"https:\/\/wgphoto.pl\/t\/index.php?rest_route=\/wp\/v2\/posts\/11268\/revisions\/11270"}],"wp:featuredmedia":[{"embeddable":true,"href":"https:\/\/wgphoto.pl\/t\/index.php?rest_route=\/wp\/v2\/media\/11269"}],"wp:attachment":[{"href":"https:\/\/wgphoto.pl\/t\/index.php?rest_route=%2Fwp%2Fv2%2Fmedia&parent=11268"}],"wp:term":[{"taxonomy":"category","embeddable":true,"href":"https:\/\/wgphoto.pl\/t\/index.php?rest_route=%2Fwp%2Fv2%2Fcategories&post=11268"},{"taxonomy":"post_tag","embeddable":true,"href":"https:\/\/wgphoto.pl\/t\/index.php?rest_route=%2Fwp%2Fv2%2Ftags&post=11268"}],"curies":[{"name":"wp","href":"https:\/\/api.w.org\/{rel}","templated":true}]}}