{"id":11271,"date":"2025-02-03T19:03:47","date_gmt":"2025-02-03T18:03:47","guid":{"rendered":"https:\/\/wgphoto.pl\/t\/?p=11271"},"modified":"2025-02-03T19:03:47","modified_gmt":"2025-02-03T18:03:47","slug":"klecina","status":"publish","type":"post","link":"https:\/\/wgphoto.pl\/t\/?p=11271","title":{"rendered":"Klecina"},"content":{"rendered":"\n<figure class=\"wp-block-image aligncenter size-full\"><img loading=\"lazy\" decoding=\"async\" width=\"1050\" height=\"700\" src=\"https:\/\/wgphoto.pl\/t\/wp-content\/uploads\/2025\/02\/IMGP4931.jpg\" alt=\"\" class=\"wp-image-11272\" srcset=\"https:\/\/wgphoto.pl\/t\/wp-content\/uploads\/2025\/02\/IMGP4931.jpg 1050w, https:\/\/wgphoto.pl\/t\/wp-content\/uploads\/2025\/02\/IMGP4931-300x200.jpg 300w, https:\/\/wgphoto.pl\/t\/wp-content\/uploads\/2025\/02\/IMGP4931-768x512.jpg 768w\" sizes=\"auto, (max-width: 1050px) 100vw, 1050px\" \/><\/figure>\n\n\n\n<div class=\"wp-block-group has-global-padding is-layout-constrained wp-block-group-is-layout-constrained\">\n<p>Wroc\u0142aw, p\u0119tla Klecina przed przebudow\u0105. Na pierwszym planie wymiana uprzejmo\u015bci, zapewne w drodze z lub na pobliskie ogr\u00f3dki dzia\u0142kowe, w tle za\u015b zestaw 105NWr 2550+2551, kt\u00f3ry bardzo chcia\u0142 zrobi\u0107 zjazd awaryjny, ale by\u0142em twardy i uda\u0142o mi si\u0119 wykona\u0107 planowy zjazd do zajezdni z pasa\u017cerami (przez Hallera i Grabiszy\u0144sk\u0105) z zatrzymywaniem jedynie na przystankach. Awaria polega\u0142a bowiem na samoczynnym otwieraniu drzwi po ka\u017cdym za\u0142\u0105czeniu hamulca postojowego. 09.08.2013<\/p>\n<\/div>\n","protected":false},"excerpt":{"rendered":"<p>Wroc\u0142aw, p\u0119tla Klecina przed przebudow\u0105. Na pierwszym planie wymiana uprzejmo\u015bci, zapewne w drodze z lub na pobliskie ogr\u00f3dki dzia\u0142kowe, w tle za\u015b zestaw 105NWr 2550+2551, kt\u00f3ry bardzo chcia\u0142 zrobi\u0107 zjazd awaryjny, ale by\u0142em twardy i uda\u0142o mi si\u0119 wykona\u0107 planowy zjazd do zajezdni z pasa\u017cerami (przez Hallera i Grabiszy\u0144sk\u0105) z zatrzymywaniem jedynie na przystankach. Awaria [&hellip;]<\/p>\n","protected":false},"author":1,"featured_media":11272,"comment_status":"open","ping_status":"","sticky":false,"template":"","format":"standard","meta":{"footnotes":""},"categories":[55,3],"tags":[43,3096,151,42,27,439,41],"class_list":["post-11271","post","type-post","status-publish","format-standard","has-post-thumbnail","hentry","category-rok-2013","category-tramwaj","tag-105nwr","tag-2013-08-09","tag-ludzie","tag-mpk-wroclaw","tag-polska","tag-we-fabryce","tag-wroclaw"],"_links":{"self":[{"href":"https:\/\/wgphoto.pl\/t\/index.php?rest_route=\/wp\/v2\/posts\/11271","targetHints":{"allow":["GET"]}}],"collection":[{"href":"https:\/\/wgphoto.pl\/t\/index.php?rest_route=\/wp\/v2\/posts"}],"about":[{"href":"https:\/\/wgphoto.pl\/t\/index.php?rest_route=\/wp\/v2\/types\/post"}],"author":[{"embeddable":true,"href":"https:\/\/wgphoto.pl\/t\/index.php?rest_route=\/wp\/v2\/users\/1"}],"replies":[{"embeddable":true,"href":"https:\/\/wgphoto.pl\/t\/index.php?rest_route=%2Fwp%2Fv2%2Fcomments&post=11271"}],"version-history":[{"count":1,"href":"https:\/\/wgphoto.pl\/t\/index.php?rest_route=\/wp\/v2\/posts\/11271\/revisions"}],"predecessor-version":[{"id":11273,"href":"https:\/\/wgphoto.pl\/t\/index.php?rest_route=\/wp\/v2\/posts\/11271\/revisions\/11273"}],"wp:featuredmedia":[{"embeddable":true,"href":"https:\/\/wgphoto.pl\/t\/index.php?rest_route=\/wp\/v2\/media\/11272"}],"wp:attachment":[{"href":"https:\/\/wgphoto.pl\/t\/index.php?rest_route=%2Fwp%2Fv2%2Fmedia&parent=11271"}],"wp:term":[{"taxonomy":"category","embeddable":true,"href":"https:\/\/wgphoto.pl\/t\/index.php?rest_route=%2Fwp%2Fv2%2Fcategories&post=11271"},{"taxonomy":"post_tag","embeddable":true,"href":"https:\/\/wgphoto.pl\/t\/index.php?rest_route=%2Fwp%2Fv2%2Ftags&post=11271"}],"curies":[{"name":"wp","href":"https:\/\/api.w.org\/{rel}","templated":true}]}}