{"id":11280,"date":"2025-02-03T19:06:57","date_gmt":"2025-02-03T18:06:57","guid":{"rendered":"https:\/\/wgphoto.pl\/t\/?p=11280"},"modified":"2025-02-03T19:06:57","modified_gmt":"2025-02-03T18:06:57","slug":"osterskar-2","status":"publish","type":"post","link":"https:\/\/wgphoto.pl\/t\/?p=11280","title":{"rendered":"\u00d6stersk\u00e4r (2)"},"content":{"rendered":"\n<figure class=\"wp-block-image aligncenter size-full\"><img loading=\"lazy\" decoding=\"async\" width=\"1050\" height=\"700\" src=\"https:\/\/wgphoto.pl\/t\/wp-content\/uploads\/2025\/02\/IMGP5825.jpg\" alt=\"\" class=\"wp-image-11281\" srcset=\"https:\/\/wgphoto.pl\/t\/wp-content\/uploads\/2025\/02\/IMGP5825.jpg 1050w, https:\/\/wgphoto.pl\/t\/wp-content\/uploads\/2025\/02\/IMGP5825-300x200.jpg 300w, https:\/\/wgphoto.pl\/t\/wp-content\/uploads\/2025\/02\/IMGP5825-768x512.jpg 768w\" sizes=\"auto, (max-width: 1050px) 100vw, 1050px\" \/><\/figure>\n\n\n\n<div class=\"wp-block-group has-global-padding is-layout-constrained wp-block-group-is-layout-constrained\">\n<p>Uj\u0119cie w przeciwnym kierunku prezentuje budynek dworcowy o charakterystycznej dla tych rejon\u00f3w \u015bwiata architekturze. Czy patrzymy ze s\u0142o\u0144cem, czy pod, pierwszy plan i tak pozostaje w cieniu, grudniowe s\u0142o\u0144ce \u015bwieci tu bowiem bardzo nisko. 08.12.2011<\/p>\n<\/div>\n","protected":false},"excerpt":{"rendered":"<p>Uj\u0119cie w przeciwnym kierunku prezentuje budynek dworcowy o charakterystycznej dla tych rejon\u00f3w \u015bwiata architekturze. Czy patrzymy ze s\u0142o\u0144cem, czy pod, pierwszy plan i tak pozostaje w cieniu, grudniowe s\u0142o\u0144ce \u015bwieci tu bowiem bardzo nisko. 08.12.2011<\/p>\n","protected":false},"author":1,"featured_media":11281,"comment_status":"open","ping_status":"","sticky":false,"template":"","format":"standard","meta":{"footnotes":""},"categories":[2,77],"tags":[1130,1374,94,3098,2296,682,686,685],"class_list":["post-11280","post","type-post","status-publish","format-standard","has-post-thumbnail","hentry","category-kolej","category-rok-2011","tag-2011-12-08","tag-kolej-podmiejska","tag-na-kolejowym-koncu-swiata","tag-osterskar","tag-roslagsbanan","tag-sl-stockholm","tag-sztokholm","tag-szwecja"],"_links":{"self":[{"href":"https:\/\/wgphoto.pl\/t\/index.php?rest_route=\/wp\/v2\/posts\/11280","targetHints":{"allow":["GET"]}}],"collection":[{"href":"https:\/\/wgphoto.pl\/t\/index.php?rest_route=\/wp\/v2\/posts"}],"about":[{"href":"https:\/\/wgphoto.pl\/t\/index.php?rest_route=\/wp\/v2\/types\/post"}],"author":[{"embeddable":true,"href":"https:\/\/wgphoto.pl\/t\/index.php?rest_route=\/wp\/v2\/users\/1"}],"replies":[{"embeddable":true,"href":"https:\/\/wgphoto.pl\/t\/index.php?rest_route=%2Fwp%2Fv2%2Fcomments&post=11280"}],"version-history":[{"count":1,"href":"https:\/\/wgphoto.pl\/t\/index.php?rest_route=\/wp\/v2\/posts\/11280\/revisions"}],"predecessor-version":[{"id":11282,"href":"https:\/\/wgphoto.pl\/t\/index.php?rest_route=\/wp\/v2\/posts\/11280\/revisions\/11282"}],"wp:featuredmedia":[{"embeddable":true,"href":"https:\/\/wgphoto.pl\/t\/index.php?rest_route=\/wp\/v2\/media\/11281"}],"wp:attachment":[{"href":"https:\/\/wgphoto.pl\/t\/index.php?rest_route=%2Fwp%2Fv2%2Fmedia&parent=11280"}],"wp:term":[{"taxonomy":"category","embeddable":true,"href":"https:\/\/wgphoto.pl\/t\/index.php?rest_route=%2Fwp%2Fv2%2Fcategories&post=11280"},{"taxonomy":"post_tag","embeddable":true,"href":"https:\/\/wgphoto.pl\/t\/index.php?rest_route=%2Fwp%2Fv2%2Ftags&post=11280"}],"curies":[{"name":"wp","href":"https:\/\/api.w.org\/{rel}","templated":true}]}}