{"id":11325,"date":"2025-02-03T19:24:21","date_gmt":"2025-02-03T18:24:21","guid":{"rendered":"https:\/\/wgphoto.pl\/t\/?p=11325"},"modified":"2025-02-03T19:24:21","modified_gmt":"2025-02-03T18:24:21","slug":"wielki-woz","status":"publish","type":"post","link":"https:\/\/wgphoto.pl\/t\/?p=11325","title":{"rendered":"Wielki w\u00f3z"},"content":{"rendered":"\n<figure class=\"wp-block-image aligncenter size-full\"><img loading=\"lazy\" decoding=\"async\" width=\"600\" height=\"900\" src=\"https:\/\/wgphoto.pl\/t\/wp-content\/uploads\/2025\/02\/IMGP0541.jpg\" alt=\"\" class=\"wp-image-11326\" srcset=\"https:\/\/wgphoto.pl\/t\/wp-content\/uploads\/2025\/02\/IMGP0541.jpg 600w, https:\/\/wgphoto.pl\/t\/wp-content\/uploads\/2025\/02\/IMGP0541-200x300.jpg 200w\" sizes=\"auto, (max-width: 600px) 100vw, 600px\" \/><\/figure>\n\n\n\n<div class=\"wp-block-group has-global-padding is-layout-constrained wp-block-group-is-layout-constrained\">\n<p>Wroc\u0142aw, Ksi\u0119\u017ce Ma\u0142e. Stopi\u0105tki odbywaj\u0105 ostatni\u0105 przerw\u0119 przed zjazdem do zajezdni. Efekt jest nie do ko\u0144ca zgodny z oczekiwanym, gdy\u017c gwiazdy s\u0105 za s\u0142abo widoczne, a szkoda, bo wielki w\u00f3z wpasowa\u0142 si\u0119 tu idealnie. 03.06.2015<\/p>\n<\/div>\n","protected":false},"excerpt":{"rendered":"<p>Wroc\u0142aw, Ksi\u0119\u017ce Ma\u0142e. Stopi\u0105tki odbywaj\u0105 ostatni\u0105 przerw\u0119 przed zjazdem do zajezdni. Efekt jest nie do ko\u0144ca zgodny z oczekiwanym, gdy\u017c gwiazdy s\u0105 za s\u0142abo widoczne, a szkoda, bo wielki w\u00f3z wpasowa\u0142 si\u0119 tu idealnie. 03.06.2015<\/p>\n","protected":false},"author":1,"featured_media":11326,"comment_status":"open","ping_status":"","sticky":false,"template":"","format":"standard","meta":{"footnotes":""},"categories":[128,104,3],"tags":[43,881,42,162,154,27,439,41],"class_list":["post-11325","post","type-post","status-publish","format-standard","has-post-thumbnail","hentry","category-pionowe","category-rok-2015","category-tramwaj","tag-105nwr","tag-2015-06-03","tag-mpk-wroclaw","tag-niebo","tag-noc","tag-polska","tag-we-fabryce","tag-wroclaw"],"_links":{"self":[{"href":"https:\/\/wgphoto.pl\/t\/index.php?rest_route=\/wp\/v2\/posts\/11325","targetHints":{"allow":["GET"]}}],"collection":[{"href":"https:\/\/wgphoto.pl\/t\/index.php?rest_route=\/wp\/v2\/posts"}],"about":[{"href":"https:\/\/wgphoto.pl\/t\/index.php?rest_route=\/wp\/v2\/types\/post"}],"author":[{"embeddable":true,"href":"https:\/\/wgphoto.pl\/t\/index.php?rest_route=\/wp\/v2\/users\/1"}],"replies":[{"embeddable":true,"href":"https:\/\/wgphoto.pl\/t\/index.php?rest_route=%2Fwp%2Fv2%2Fcomments&post=11325"}],"version-history":[{"count":1,"href":"https:\/\/wgphoto.pl\/t\/index.php?rest_route=\/wp\/v2\/posts\/11325\/revisions"}],"predecessor-version":[{"id":11327,"href":"https:\/\/wgphoto.pl\/t\/index.php?rest_route=\/wp\/v2\/posts\/11325\/revisions\/11327"}],"wp:featuredmedia":[{"embeddable":true,"href":"https:\/\/wgphoto.pl\/t\/index.php?rest_route=\/wp\/v2\/media\/11326"}],"wp:attachment":[{"href":"https:\/\/wgphoto.pl\/t\/index.php?rest_route=%2Fwp%2Fv2%2Fmedia&parent=11325"}],"wp:term":[{"taxonomy":"category","embeddable":true,"href":"https:\/\/wgphoto.pl\/t\/index.php?rest_route=%2Fwp%2Fv2%2Fcategories&post=11325"},{"taxonomy":"post_tag","embeddable":true,"href":"https:\/\/wgphoto.pl\/t\/index.php?rest_route=%2Fwp%2Fv2%2Ftags&post=11325"}],"curies":[{"name":"wp","href":"https:\/\/api.w.org\/{rel}","templated":true}]}}