{"id":11328,"date":"2025-02-03T19:25:26","date_gmt":"2025-02-03T18:25:26","guid":{"rendered":"https:\/\/wgphoto.pl\/t\/?p=11328"},"modified":"2025-02-03T19:25:26","modified_gmt":"2025-02-03T18:25:26","slug":"105na-22702271","status":"publish","type":"post","link":"https:\/\/wgphoto.pl\/t\/?p=11328","title":{"rendered":"105Na 2270+2271"},"content":{"rendered":"\n<figure class=\"wp-block-image aligncenter size-full\"><img loading=\"lazy\" decoding=\"async\" width=\"1050\" height=\"700\" src=\"https:\/\/wgphoto.pl\/t\/wp-content\/uploads\/2025\/02\/IMGP0661.jpg\" alt=\"\" class=\"wp-image-11329\" srcset=\"https:\/\/wgphoto.pl\/t\/wp-content\/uploads\/2025\/02\/IMGP0661.jpg 1050w, https:\/\/wgphoto.pl\/t\/wp-content\/uploads\/2025\/02\/IMGP0661-300x200.jpg 300w, https:\/\/wgphoto.pl\/t\/wp-content\/uploads\/2025\/02\/IMGP0661-768x512.jpg 768w\" sizes=\"auto, (max-width: 1050px) 100vw, 1050px\" \/><\/figure>\n\n\n\n<div class=\"wp-block-group has-global-padding is-layout-constrained wp-block-group-is-layout-constrained\">\n<p>Wroc\u0142aw, most Pokoju. Po lewej stronie kadru mo\u017cna podziwia\u0107 jedn\u0105 z 27 instalacji, jakie tego dnia mo\u017cna by\u0142o zobaczy\u0107 na tylu\u017c wroc\u0142awskich mostach i k\u0142adkach &#8211; jako przedsmak przed wydarzeniami Europejskiej Stolicy Kultury 2016 (kt\u00f3r\u0105 to ESK zreszt\u0105 tytu\u0142owy tramwaj reklamuje), a tak\u017ce zator na jezdni spowodowany zamkni\u0119ciem s\u0105siedniego mostu Grunwaldzkiego ze wzgl\u0119du na przygotowania do nocnego p\u00f3\u0142maratonu. 20.06.2015<\/p>\n<\/div>\n","protected":false},"excerpt":{"rendered":"<p>Wroc\u0142aw, most Pokoju. Po lewej stronie kadru mo\u017cna podziwia\u0107 jedn\u0105 z 27 instalacji, jakie tego dnia mo\u017cna by\u0142o zobaczy\u0107 na tylu\u017c wroc\u0142awskich mostach i k\u0142adkach &#8211; jako przedsmak przed wydarzeniami Europejskiej Stolicy Kultury 2016 (kt\u00f3r\u0105 to ESK zreszt\u0105 tytu\u0142owy tramwaj reklamuje), a tak\u017ce zator na jezdni spowodowany zamkni\u0119ciem s\u0105siedniego mostu Grunwaldzkiego ze wzgl\u0119du na przygotowania [&hellip;]<\/p>\n","protected":false},"author":1,"featured_media":11329,"comment_status":"open","ping_status":"","sticky":false,"template":"","format":"standard","meta":{"footnotes":""},"categories":[104,3],"tags":[155,3101,42,27,41],"class_list":["post-11328","post","type-post","status-publish","format-standard","has-post-thumbnail","hentry","category-rok-2015","category-tramwaj","tag-105na","tag-2015-06-20","tag-mpk-wroclaw","tag-polska","tag-wroclaw"],"_links":{"self":[{"href":"https:\/\/wgphoto.pl\/t\/index.php?rest_route=\/wp\/v2\/posts\/11328","targetHints":{"allow":["GET"]}}],"collection":[{"href":"https:\/\/wgphoto.pl\/t\/index.php?rest_route=\/wp\/v2\/posts"}],"about":[{"href":"https:\/\/wgphoto.pl\/t\/index.php?rest_route=\/wp\/v2\/types\/post"}],"author":[{"embeddable":true,"href":"https:\/\/wgphoto.pl\/t\/index.php?rest_route=\/wp\/v2\/users\/1"}],"replies":[{"embeddable":true,"href":"https:\/\/wgphoto.pl\/t\/index.php?rest_route=%2Fwp%2Fv2%2Fcomments&post=11328"}],"version-history":[{"count":1,"href":"https:\/\/wgphoto.pl\/t\/index.php?rest_route=\/wp\/v2\/posts\/11328\/revisions"}],"predecessor-version":[{"id":11330,"href":"https:\/\/wgphoto.pl\/t\/index.php?rest_route=\/wp\/v2\/posts\/11328\/revisions\/11330"}],"wp:featuredmedia":[{"embeddable":true,"href":"https:\/\/wgphoto.pl\/t\/index.php?rest_route=\/wp\/v2\/media\/11329"}],"wp:attachment":[{"href":"https:\/\/wgphoto.pl\/t\/index.php?rest_route=%2Fwp%2Fv2%2Fmedia&parent=11328"}],"wp:term":[{"taxonomy":"category","embeddable":true,"href":"https:\/\/wgphoto.pl\/t\/index.php?rest_route=%2Fwp%2Fv2%2Fcategories&post=11328"},{"taxonomy":"post_tag","embeddable":true,"href":"https:\/\/wgphoto.pl\/t\/index.php?rest_route=%2Fwp%2Fv2%2Ftags&post=11328"}],"curies":[{"name":"wp","href":"https:\/\/api.w.org\/{rel}","templated":true}]}}