{"id":11337,"date":"2025-02-03T19:29:36","date_gmt":"2025-02-03T18:29:36","guid":{"rendered":"https:\/\/wgphoto.pl\/t\/?p=11337"},"modified":"2025-02-03T19:29:36","modified_gmt":"2025-02-03T18:29:36","slug":"ognisko-na-grunwaldzkim","status":"publish","type":"post","link":"https:\/\/wgphoto.pl\/t\/?p=11337","title":{"rendered":"Ognisko na Grunwaldzkim"},"content":{"rendered":"\n<figure class=\"wp-block-image aligncenter size-full\"><img loading=\"lazy\" decoding=\"async\" width=\"1200\" height=\"800\" src=\"https:\/\/wgphoto.pl\/t\/wp-content\/uploads\/2025\/02\/IMGP0707-1.jpg\" alt=\"\" class=\"wp-image-11338\" srcset=\"https:\/\/wgphoto.pl\/t\/wp-content\/uploads\/2025\/02\/IMGP0707-1.jpg 1200w, https:\/\/wgphoto.pl\/t\/wp-content\/uploads\/2025\/02\/IMGP0707-1-300x200.jpg 300w, https:\/\/wgphoto.pl\/t\/wp-content\/uploads\/2025\/02\/IMGP0707-1-768x512.jpg 768w\" sizes=\"auto, (max-width: 1200px) 100vw, 1200px\" \/><\/figure>\n\n\n\n<div class=\"wp-block-group has-global-padding is-layout-constrained wp-block-group-is-layout-constrained\">\n<p>Iluminacja w postaci p\u0142on\u0105cego mostu Grunwaldzkiego &#8211; foto nie oddaje chwili, to trzeba zobaczy\u0107 na \u017cywo albo co najmniej na dobrym filmiku. 20.06.2015<\/p>\n<\/div>\n","protected":false},"excerpt":{"rendered":"<p>Iluminacja w postaci p\u0142on\u0105cego mostu Grunwaldzkiego &#8211; foto nie oddaje chwili, to trzeba zobaczy\u0107 na \u017cywo albo co najmniej na dobrym filmiku. 20.06.2015<\/p>\n","protected":false},"author":1,"featured_media":11338,"comment_status":"open","ping_status":"","sticky":false,"template":"","format":"standard","meta":{"footnotes":""},"categories":[220,104],"tags":[3101,45,154,27,41],"class_list":["post-11337","post","type-post","status-publish","format-standard","has-post-thumbnail","hentry","category-blo","category-rok-2015","tag-2015-06-20","tag-most","tag-noc","tag-polska","tag-wroclaw"],"_links":{"self":[{"href":"https:\/\/wgphoto.pl\/t\/index.php?rest_route=\/wp\/v2\/posts\/11337","targetHints":{"allow":["GET"]}}],"collection":[{"href":"https:\/\/wgphoto.pl\/t\/index.php?rest_route=\/wp\/v2\/posts"}],"about":[{"href":"https:\/\/wgphoto.pl\/t\/index.php?rest_route=\/wp\/v2\/types\/post"}],"author":[{"embeddable":true,"href":"https:\/\/wgphoto.pl\/t\/index.php?rest_route=\/wp\/v2\/users\/1"}],"replies":[{"embeddable":true,"href":"https:\/\/wgphoto.pl\/t\/index.php?rest_route=%2Fwp%2Fv2%2Fcomments&post=11337"}],"version-history":[{"count":1,"href":"https:\/\/wgphoto.pl\/t\/index.php?rest_route=\/wp\/v2\/posts\/11337\/revisions"}],"predecessor-version":[{"id":11339,"href":"https:\/\/wgphoto.pl\/t\/index.php?rest_route=\/wp\/v2\/posts\/11337\/revisions\/11339"}],"wp:featuredmedia":[{"embeddable":true,"href":"https:\/\/wgphoto.pl\/t\/index.php?rest_route=\/wp\/v2\/media\/11338"}],"wp:attachment":[{"href":"https:\/\/wgphoto.pl\/t\/index.php?rest_route=%2Fwp%2Fv2%2Fmedia&parent=11337"}],"wp:term":[{"taxonomy":"category","embeddable":true,"href":"https:\/\/wgphoto.pl\/t\/index.php?rest_route=%2Fwp%2Fv2%2Fcategories&post=11337"},{"taxonomy":"post_tag","embeddable":true,"href":"https:\/\/wgphoto.pl\/t\/index.php?rest_route=%2Fwp%2Fv2%2Ftags&post=11337"}],"curies":[{"name":"wp","href":"https:\/\/api.w.org\/{rel}","templated":true}]}}