{"id":11346,"date":"2025-02-03T21:14:35","date_gmt":"2025-02-03T20:14:35","guid":{"rendered":"https:\/\/wgphoto.pl\/t\/?p=11346"},"modified":"2025-02-03T21:14:35","modified_gmt":"2025-02-03T20:14:35","slug":"tarnogaj","status":"publish","type":"post","link":"https:\/\/wgphoto.pl\/t\/?p=11346","title":{"rendered":"Tarnogaj"},"content":{"rendered":"\n<figure class=\"wp-block-image aligncenter size-full\"><img loading=\"lazy\" decoding=\"async\" width=\"1050\" height=\"700\" src=\"https:\/\/wgphoto.pl\/t\/wp-content\/uploads\/2025\/02\/IMGP9574.jpg\" alt=\"\" class=\"wp-image-11347\" srcset=\"https:\/\/wgphoto.pl\/t\/wp-content\/uploads\/2025\/02\/IMGP9574.jpg 1050w, https:\/\/wgphoto.pl\/t\/wp-content\/uploads\/2025\/02\/IMGP9574-300x200.jpg 300w, https:\/\/wgphoto.pl\/t\/wp-content\/uploads\/2025\/02\/IMGP9574-768x512.jpg 768w\" sizes=\"auto, (max-width: 1050px) 100vw, 1050px\" \/><\/figure>\n\n\n\n<div class=\"wp-block-group has-global-padding is-layout-constrained wp-block-group-is-layout-constrained\">\n<p>Wroc\u0142aw, ul. Tarnogajska, 105Na 2548+2549. Wzd\u0142u\u017c rzeczonej ulicy stoi rz\u0105d interesuj\u0105cych kamienic, ale z powodu barierek, s\u0142up\u00f3w czy innych parking\u00f3w (dalej) pomi\u0119dzy torowiskiem a jezdni\u0105 ci\u0119\u017cko z nimi zrobi\u0107 tramwajowe zdj\u0119cie. Niegdy\u015b w tym miejscu tramwaje korzysta\u0142y z pojedynczego toru w jezdni, po kt\u00f3rym \u015blad zachowa\u0142 si\u0119 do dzi\u015b, lecz na zdj\u0119ciu jest s\u0142abo widoczny ze wzgl\u0119du na pokrywaj\u0105c\u0105 si\u0119 z nim czerwon\u0105 smug\u0119. 30.01.2015<\/p>\n<\/div>\n","protected":false},"excerpt":{"rendered":"<p>Wroc\u0142aw, ul. Tarnogajska, 105Na 2548+2549. Wzd\u0142u\u017c rzeczonej ulicy stoi rz\u0105d interesuj\u0105cych kamienic, ale z powodu barierek, s\u0142up\u00f3w czy innych parking\u00f3w (dalej) pomi\u0119dzy torowiskiem a jezdni\u0105 ci\u0119\u017cko z nimi zrobi\u0107 tramwajowe zdj\u0119cie. Niegdy\u015b w tym miejscu tramwaje korzysta\u0142y z pojedynczego toru w jezdni, po kt\u00f3rym \u015blad zachowa\u0142 si\u0119 do dzi\u015b, lecz na zdj\u0119ciu jest s\u0142abo widoczny [&hellip;]<\/p>\n","protected":false},"author":1,"featured_media":11347,"comment_status":"open","ping_status":"","sticky":false,"template":"","format":"standard","meta":{"footnotes":""},"categories":[104,3],"tags":[155,3105,42,154,27,439,41],"class_list":["post-11346","post","type-post","status-publish","format-standard","has-post-thumbnail","hentry","category-rok-2015","category-tramwaj","tag-105na","tag-2015-01-30","tag-mpk-wroclaw","tag-noc","tag-polska","tag-we-fabryce","tag-wroclaw"],"_links":{"self":[{"href":"https:\/\/wgphoto.pl\/t\/index.php?rest_route=\/wp\/v2\/posts\/11346","targetHints":{"allow":["GET"]}}],"collection":[{"href":"https:\/\/wgphoto.pl\/t\/index.php?rest_route=\/wp\/v2\/posts"}],"about":[{"href":"https:\/\/wgphoto.pl\/t\/index.php?rest_route=\/wp\/v2\/types\/post"}],"author":[{"embeddable":true,"href":"https:\/\/wgphoto.pl\/t\/index.php?rest_route=\/wp\/v2\/users\/1"}],"replies":[{"embeddable":true,"href":"https:\/\/wgphoto.pl\/t\/index.php?rest_route=%2Fwp%2Fv2%2Fcomments&post=11346"}],"version-history":[{"count":1,"href":"https:\/\/wgphoto.pl\/t\/index.php?rest_route=\/wp\/v2\/posts\/11346\/revisions"}],"predecessor-version":[{"id":11348,"href":"https:\/\/wgphoto.pl\/t\/index.php?rest_route=\/wp\/v2\/posts\/11346\/revisions\/11348"}],"wp:featuredmedia":[{"embeddable":true,"href":"https:\/\/wgphoto.pl\/t\/index.php?rest_route=\/wp\/v2\/media\/11347"}],"wp:attachment":[{"href":"https:\/\/wgphoto.pl\/t\/index.php?rest_route=%2Fwp%2Fv2%2Fmedia&parent=11346"}],"wp:term":[{"taxonomy":"category","embeddable":true,"href":"https:\/\/wgphoto.pl\/t\/index.php?rest_route=%2Fwp%2Fv2%2Fcategories&post=11346"},{"taxonomy":"post_tag","embeddable":true,"href":"https:\/\/wgphoto.pl\/t\/index.php?rest_route=%2Fwp%2Fv2%2Ftags&post=11346"}],"curies":[{"name":"wp","href":"https:\/\/api.w.org\/{rel}","templated":true}]}}