{"id":11380,"date":"2025-02-03T21:26:05","date_gmt":"2025-02-03T20:26:05","guid":{"rendered":"https:\/\/wgphoto.pl\/t\/?p=11380"},"modified":"2025-02-03T21:26:05","modified_gmt":"2025-02-03T20:26:05","slug":"koniec-trasy-4","status":"publish","type":"post","link":"https:\/\/wgphoto.pl\/t\/?p=11380","title":{"rendered":"Koniec trasy"},"content":{"rendered":"\n<figure class=\"wp-block-image aligncenter size-full\"><img loading=\"lazy\" decoding=\"async\" width=\"1050\" height=\"700\" src=\"https:\/\/wgphoto.pl\/t\/wp-content\/uploads\/2025\/02\/IMGP6206_02.jpg\" alt=\"\" class=\"wp-image-11382\" srcset=\"https:\/\/wgphoto.pl\/t\/wp-content\/uploads\/2025\/02\/IMGP6206_02.jpg 1050w, https:\/\/wgphoto.pl\/t\/wp-content\/uploads\/2025\/02\/IMGP6206_02-300x200.jpg 300w, https:\/\/wgphoto.pl\/t\/wp-content\/uploads\/2025\/02\/IMGP6206_02-768x512.jpg 768w\" sizes=\"auto, (max-width: 1050px) 100vw, 1050px\" \/><\/figure>\n\n\n\n<div class=\"wp-block-group has-global-padding is-layout-constrained wp-block-group-is-layout-constrained\">\n<p>Zdecydowana wi\u0119kszo\u015b\u0107 linii tramwajowych w Budapeszcie jest zako\u0144czona \u015blepo. Prezentowany na zdj\u0119ciu kraniec Kamaraerdei Ifj\u00fas\u00e1gi Park nie jest pod tym wzgl\u0119dem wyj\u0105tkowy. 22.06.2014<\/p>\n<\/div>\n","protected":false},"excerpt":{"rendered":"<p>Zdecydowana wi\u0119kszo\u015b\u0107 linii tramwajowych w Budapeszcie jest zako\u0144czona \u015blepo. Prezentowany na zdj\u0119ciu kraniec Kamaraerdei Ifj\u00fas\u00e1gi Park nie jest pod tym wzgl\u0119dem wyj\u0105tkowy. 22.06.2014<\/p>\n","protected":false},"author":1,"featured_media":11382,"comment_status":"open","ping_status":"","sticky":false,"template":"","format":"standard","meta":{"footnotes":""},"categories":[48,3],"tags":[222,147,144,1037,105],"class_list":["post-11380","post","type-post","status-publish","format-standard","has-post-thumbnail","hentry","category-rok-2014","category-tramwaj","tag-2014-06-22","tag-bkv-budapest","tag-budapeszt","tag-tatra-t5","tag-wegry"],"_links":{"self":[{"href":"https:\/\/wgphoto.pl\/t\/index.php?rest_route=\/wp\/v2\/posts\/11380","targetHints":{"allow":["GET"]}}],"collection":[{"href":"https:\/\/wgphoto.pl\/t\/index.php?rest_route=\/wp\/v2\/posts"}],"about":[{"href":"https:\/\/wgphoto.pl\/t\/index.php?rest_route=\/wp\/v2\/types\/post"}],"author":[{"embeddable":true,"href":"https:\/\/wgphoto.pl\/t\/index.php?rest_route=\/wp\/v2\/users\/1"}],"replies":[{"embeddable":true,"href":"https:\/\/wgphoto.pl\/t\/index.php?rest_route=%2Fwp%2Fv2%2Fcomments&post=11380"}],"version-history":[{"count":1,"href":"https:\/\/wgphoto.pl\/t\/index.php?rest_route=\/wp\/v2\/posts\/11380\/revisions"}],"predecessor-version":[{"id":11383,"href":"https:\/\/wgphoto.pl\/t\/index.php?rest_route=\/wp\/v2\/posts\/11380\/revisions\/11383"}],"wp:featuredmedia":[{"embeddable":true,"href":"https:\/\/wgphoto.pl\/t\/index.php?rest_route=\/wp\/v2\/media\/11382"}],"wp:attachment":[{"href":"https:\/\/wgphoto.pl\/t\/index.php?rest_route=%2Fwp%2Fv2%2Fmedia&parent=11380"}],"wp:term":[{"taxonomy":"category","embeddable":true,"href":"https:\/\/wgphoto.pl\/t\/index.php?rest_route=%2Fwp%2Fv2%2Fcategories&post=11380"},{"taxonomy":"post_tag","embeddable":true,"href":"https:\/\/wgphoto.pl\/t\/index.php?rest_route=%2Fwp%2Fv2%2Ftags&post=11380"}],"curies":[{"name":"wp","href":"https:\/\/api.w.org\/{rel}","templated":true}]}}