{"id":11387,"date":"2025-02-03T21:27:59","date_gmt":"2025-02-03T20:27:59","guid":{"rendered":"https:\/\/wgphoto.pl\/t\/?p=11387"},"modified":"2025-02-03T21:27:59","modified_gmt":"2025-02-03T20:27:59","slug":"zabytkowa-wiata","status":"publish","type":"post","link":"https:\/\/wgphoto.pl\/t\/?p=11387","title":{"rendered":"Zabytkowa wiata"},"content":{"rendered":"\n<figure class=\"wp-block-image aligncenter size-full\"><img loading=\"lazy\" decoding=\"async\" width=\"1050\" height=\"700\" src=\"https:\/\/wgphoto.pl\/t\/wp-content\/uploads\/2025\/02\/IMGP5145.jpg\" alt=\"\" class=\"wp-image-11388\" srcset=\"https:\/\/wgphoto.pl\/t\/wp-content\/uploads\/2025\/02\/IMGP5145.jpg 1050w, https:\/\/wgphoto.pl\/t\/wp-content\/uploads\/2025\/02\/IMGP5145-300x200.jpg 300w, https:\/\/wgphoto.pl\/t\/wp-content\/uploads\/2025\/02\/IMGP5145-768x512.jpg 768w\" sizes=\"auto, (max-width: 1050px) 100vw, 1050px\" \/><\/figure>\n\n\n\n<div class=\"wp-block-group has-global-padding is-layout-constrained wp-block-group-is-layout-constrained\">\n<p>Budapeszt, przystanek Heinrich Istv\u00e1n utca. Na wielu przystankach trasy wiod\u0105cej do kra\u0144ca z poprzedniego zdj\u0119cia zachowa\u0142y si\u0119 do czas\u00f3w wsp\u00f3\u0142czesnych drewniane wiaty, kt\u00f3rych uzupe\u0142nieniem s\u0105 zabytkowe b\u0105d\u017a stylizowane s\u0142upki przystankowe. 18.06.2014<\/p>\n<\/div>\n","protected":false},"excerpt":{"rendered":"<p>Budapeszt, przystanek Heinrich Istv\u00e1n utca. Na wielu przystankach trasy wiod\u0105cej do kra\u0144ca z poprzedniego zdj\u0119cia zachowa\u0142y si\u0119 do czas\u00f3w wsp\u00f3\u0142czesnych drewniane wiaty, kt\u00f3rych uzupe\u0142nieniem s\u0105 zabytkowe b\u0105d\u017a stylizowane s\u0142upki przystankowe. 18.06.2014<\/p>\n","protected":false},"author":1,"featured_media":11388,"comment_status":"open","ping_status":"","sticky":false,"template":"","format":"standard","meta":{"footnotes":""},"categories":[48,3],"tags":[148,147,144,219,1037,105],"class_list":["post-11387","post","type-post","status-publish","format-standard","has-post-thumbnail","hentry","category-rok-2014","category-tramwaj","tag-2014-06-18","tag-bkv-budapest","tag-budapeszt","tag-przystanek","tag-tatra-t5","tag-wegry"],"_links":{"self":[{"href":"https:\/\/wgphoto.pl\/t\/index.php?rest_route=\/wp\/v2\/posts\/11387","targetHints":{"allow":["GET"]}}],"collection":[{"href":"https:\/\/wgphoto.pl\/t\/index.php?rest_route=\/wp\/v2\/posts"}],"about":[{"href":"https:\/\/wgphoto.pl\/t\/index.php?rest_route=\/wp\/v2\/types\/post"}],"author":[{"embeddable":true,"href":"https:\/\/wgphoto.pl\/t\/index.php?rest_route=\/wp\/v2\/users\/1"}],"replies":[{"embeddable":true,"href":"https:\/\/wgphoto.pl\/t\/index.php?rest_route=%2Fwp%2Fv2%2Fcomments&post=11387"}],"version-history":[{"count":1,"href":"https:\/\/wgphoto.pl\/t\/index.php?rest_route=\/wp\/v2\/posts\/11387\/revisions"}],"predecessor-version":[{"id":11389,"href":"https:\/\/wgphoto.pl\/t\/index.php?rest_route=\/wp\/v2\/posts\/11387\/revisions\/11389"}],"wp:featuredmedia":[{"embeddable":true,"href":"https:\/\/wgphoto.pl\/t\/index.php?rest_route=\/wp\/v2\/media\/11388"}],"wp:attachment":[{"href":"https:\/\/wgphoto.pl\/t\/index.php?rest_route=%2Fwp%2Fv2%2Fmedia&parent=11387"}],"wp:term":[{"taxonomy":"category","embeddable":true,"href":"https:\/\/wgphoto.pl\/t\/index.php?rest_route=%2Fwp%2Fv2%2Fcategories&post=11387"},{"taxonomy":"post_tag","embeddable":true,"href":"https:\/\/wgphoto.pl\/t\/index.php?rest_route=%2Fwp%2Fv2%2Ftags&post=11387"}],"curies":[{"name":"wp","href":"https:\/\/api.w.org\/{rel}","templated":true}]}}