{"id":11390,"date":"2025-02-03T21:28:53","date_gmt":"2025-02-03T20:28:53","guid":{"rendered":"https:\/\/wgphoto.pl\/t\/?p=11390"},"modified":"2025-02-03T21:28:53","modified_gmt":"2025-02-03T20:28:53","slug":"lehel-ter","status":"publish","type":"post","link":"https:\/\/wgphoto.pl\/t\/?p=11390","title":{"rendered":"Lehel t\u00e9r"},"content":{"rendered":"\n<figure class=\"wp-block-image aligncenter size-full\"><img loading=\"lazy\" decoding=\"async\" width=\"1050\" height=\"700\" src=\"https:\/\/wgphoto.pl\/t\/wp-content\/uploads\/2025\/02\/IMGP5186.jpg\" alt=\"\" class=\"wp-image-11391\" srcset=\"https:\/\/wgphoto.pl\/t\/wp-content\/uploads\/2025\/02\/IMGP5186.jpg 1050w, https:\/\/wgphoto.pl\/t\/wp-content\/uploads\/2025\/02\/IMGP5186-300x200.jpg 300w, https:\/\/wgphoto.pl\/t\/wp-content\/uploads\/2025\/02\/IMGP5186-768x512.jpg 768w\" sizes=\"auto, (max-width: 1050px) 100vw, 1050px\" \/><\/figure>\n\n\n\n<div class=\"wp-block-group has-global-padding is-layout-constrained wp-block-group-is-layout-constrained\">\n<p>Budapeszt, Lehel t\u00e9r. \u015ar\u00f3dmiejski kraniec linii 14 stanowi pewien kontrast w por\u00f3wnaniu do prezentowanej wcze\u015bniej kra\u0144c\u00f3wki. 18.06.2014<\/p>\n<\/div>\n","protected":false},"excerpt":{"rendered":"<p>Budapeszt, Lehel t\u00e9r. \u015ar\u00f3dmiejski kraniec linii 14 stanowi pewien kontrast w por\u00f3wnaniu do prezentowanej wcze\u015bniej kra\u0144c\u00f3wki. 18.06.2014<\/p>\n","protected":false},"author":1,"featured_media":11391,"comment_status":"open","ping_status":"","sticky":false,"template":"","format":"standard","meta":{"footnotes":""},"categories":[48,3],"tags":[148,147,144,135,1037,105],"class_list":["post-11390","post","type-post","status-publish","format-standard","has-post-thumbnail","hentry","category-rok-2014","category-tramwaj","tag-2014-06-18","tag-bkv-budapest","tag-budapeszt","tag-potrojniak","tag-tatra-t5","tag-wegry"],"_links":{"self":[{"href":"https:\/\/wgphoto.pl\/t\/index.php?rest_route=\/wp\/v2\/posts\/11390","targetHints":{"allow":["GET"]}}],"collection":[{"href":"https:\/\/wgphoto.pl\/t\/index.php?rest_route=\/wp\/v2\/posts"}],"about":[{"href":"https:\/\/wgphoto.pl\/t\/index.php?rest_route=\/wp\/v2\/types\/post"}],"author":[{"embeddable":true,"href":"https:\/\/wgphoto.pl\/t\/index.php?rest_route=\/wp\/v2\/users\/1"}],"replies":[{"embeddable":true,"href":"https:\/\/wgphoto.pl\/t\/index.php?rest_route=%2Fwp%2Fv2%2Fcomments&post=11390"}],"version-history":[{"count":1,"href":"https:\/\/wgphoto.pl\/t\/index.php?rest_route=\/wp\/v2\/posts\/11390\/revisions"}],"predecessor-version":[{"id":11392,"href":"https:\/\/wgphoto.pl\/t\/index.php?rest_route=\/wp\/v2\/posts\/11390\/revisions\/11392"}],"wp:featuredmedia":[{"embeddable":true,"href":"https:\/\/wgphoto.pl\/t\/index.php?rest_route=\/wp\/v2\/media\/11391"}],"wp:attachment":[{"href":"https:\/\/wgphoto.pl\/t\/index.php?rest_route=%2Fwp%2Fv2%2Fmedia&parent=11390"}],"wp:term":[{"taxonomy":"category","embeddable":true,"href":"https:\/\/wgphoto.pl\/t\/index.php?rest_route=%2Fwp%2Fv2%2Fcategories&post=11390"},{"taxonomy":"post_tag","embeddable":true,"href":"https:\/\/wgphoto.pl\/t\/index.php?rest_route=%2Fwp%2Fv2%2Ftags&post=11390"}],"curies":[{"name":"wp","href":"https:\/\/api.w.org\/{rel}","templated":true}]}}