{"id":11393,"date":"2025-02-03T21:30:00","date_gmt":"2025-02-03T20:30:00","guid":{"rendered":"https:\/\/wgphoto.pl\/t\/?p=11393"},"modified":"2025-02-03T21:30:00","modified_gmt":"2025-02-03T20:30:00","slug":"o-walce-slonca-z-czasem","status":"publish","type":"post","link":"https:\/\/wgphoto.pl\/t\/?p=11393","title":{"rendered":"O walce s\u0142o\u0144ca z czasem"},"content":{"rendered":"\n<figure class=\"wp-block-image aligncenter size-full\"><img loading=\"lazy\" decoding=\"async\" width=\"1050\" height=\"700\" src=\"https:\/\/wgphoto.pl\/t\/wp-content\/uploads\/2025\/02\/IMGP0760.jpg\" alt=\"\" class=\"wp-image-11394\" srcset=\"https:\/\/wgphoto.pl\/t\/wp-content\/uploads\/2025\/02\/IMGP0760.jpg 1050w, https:\/\/wgphoto.pl\/t\/wp-content\/uploads\/2025\/02\/IMGP0760-300x200.jpg 300w, https:\/\/wgphoto.pl\/t\/wp-content\/uploads\/2025\/02\/IMGP0760-768x512.jpg 768w\" sizes=\"auto, (max-width: 1050px) 100vw, 1050px\" \/><\/figure>\n\n\n\n<div class=\"wp-block-group has-global-padding is-layout-constrained wp-block-group-is-layout-constrained\">\n<p>Wroc\u0142aw, mosty M\u0142y\u0144skie. Darmowe 20 minut jazdy rowerem miejskim wystarcza na dotarcie ze \u017ar\u00f3d\u0142a do celu podr\u00f3\u017cy oraz wykonanie po drodze fotostopu. W tak pi\u0119knych okoliczno\u015bciach przyrody, pod niebem, jakie mo\u017cna ogl\u0105da\u0107 chyba tylko o poranku, trafi\u0142 mi si\u0119 tramwaj w barwach maskuj\u0105cych. Powt\u00f3rka z \u0142adniejszym pojazdem nie jest jednak tak prosta jakby si\u0119 wydawa\u0142o, poniewa\u017c takie chmurki niecz\u0119sto si\u0119 zdarzaj\u0105, no i s\u0142o\u0144ce wschodzi ju\u017c coraz p\u00f3\u017aniej, a o tej porze ka\u017cda minuta si\u0119 liczy &#8211; zar\u00f3wno dla \u015bwiat\u0142a fotograficznego, jak i dla punktualnego dotarcia do pracy. 01.07.2015<\/p>\n<\/div>\n","protected":false},"excerpt":{"rendered":"<p>Wroc\u0142aw, mosty M\u0142y\u0144skie. Darmowe 20 minut jazdy rowerem miejskim wystarcza na dotarcie ze \u017ar\u00f3d\u0142a do celu podr\u00f3\u017cy oraz wykonanie po drodze fotostopu. W tak pi\u0119knych okoliczno\u015bciach przyrody, pod niebem, jakie mo\u017cna ogl\u0105da\u0107 chyba tylko o poranku, trafi\u0142 mi si\u0119 tramwaj w barwach maskuj\u0105cych. Powt\u00f3rka z \u0142adniejszym pojazdem nie jest jednak tak prosta jakby si\u0119 wydawa\u0142o, [&hellip;]<\/p>\n","protected":false},"author":1,"featured_media":11394,"comment_status":"open","ping_status":"","sticky":false,"template":"","format":"standard","meta":{"footnotes":""},"categories":[104,3],"tags":[43,3107,42,162,27,176,41],"class_list":["post-11393","post","type-post","status-publish","format-standard","has-post-thumbnail","hentry","category-rok-2015","category-tramwaj","tag-105nwr","tag-2015-07-01","tag-mpk-wroclaw","tag-niebo","tag-polska","tag-rano","tag-wroclaw"],"_links":{"self":[{"href":"https:\/\/wgphoto.pl\/t\/index.php?rest_route=\/wp\/v2\/posts\/11393","targetHints":{"allow":["GET"]}}],"collection":[{"href":"https:\/\/wgphoto.pl\/t\/index.php?rest_route=\/wp\/v2\/posts"}],"about":[{"href":"https:\/\/wgphoto.pl\/t\/index.php?rest_route=\/wp\/v2\/types\/post"}],"author":[{"embeddable":true,"href":"https:\/\/wgphoto.pl\/t\/index.php?rest_route=\/wp\/v2\/users\/1"}],"replies":[{"embeddable":true,"href":"https:\/\/wgphoto.pl\/t\/index.php?rest_route=%2Fwp%2Fv2%2Fcomments&post=11393"}],"version-history":[{"count":1,"href":"https:\/\/wgphoto.pl\/t\/index.php?rest_route=\/wp\/v2\/posts\/11393\/revisions"}],"predecessor-version":[{"id":11395,"href":"https:\/\/wgphoto.pl\/t\/index.php?rest_route=\/wp\/v2\/posts\/11393\/revisions\/11395"}],"wp:featuredmedia":[{"embeddable":true,"href":"https:\/\/wgphoto.pl\/t\/index.php?rest_route=\/wp\/v2\/media\/11394"}],"wp:attachment":[{"href":"https:\/\/wgphoto.pl\/t\/index.php?rest_route=%2Fwp%2Fv2%2Fmedia&parent=11393"}],"wp:term":[{"taxonomy":"category","embeddable":true,"href":"https:\/\/wgphoto.pl\/t\/index.php?rest_route=%2Fwp%2Fv2%2Fcategories&post=11393"},{"taxonomy":"post_tag","embeddable":true,"href":"https:\/\/wgphoto.pl\/t\/index.php?rest_route=%2Fwp%2Fv2%2Ftags&post=11393"}],"curies":[{"name":"wp","href":"https:\/\/api.w.org\/{rel}","templated":true}]}}