{"id":11396,"date":"2025-02-03T21:31:35","date_gmt":"2025-02-03T20:31:35","guid":{"rendered":"https:\/\/wgphoto.pl\/t\/?p=11396"},"modified":"2025-02-03T21:31:35","modified_gmt":"2025-02-03T20:31:35","slug":"tatry-w-reklamie","status":"publish","type":"post","link":"https:\/\/wgphoto.pl\/t\/?p=11396","title":{"rendered":"Tatry w reklamie"},"content":{"rendered":"\n<figure class=\"wp-block-image aligncenter size-full\"><img loading=\"lazy\" decoding=\"async\" width=\"1050\" height=\"700\" src=\"https:\/\/wgphoto.pl\/t\/wp-content\/uploads\/2025\/02\/IMGP3759.jpg\" alt=\"\" class=\"wp-image-11397\" srcset=\"https:\/\/wgphoto.pl\/t\/wp-content\/uploads\/2025\/02\/IMGP3759.jpg 1050w, https:\/\/wgphoto.pl\/t\/wp-content\/uploads\/2025\/02\/IMGP3759-300x200.jpg 300w, https:\/\/wgphoto.pl\/t\/wp-content\/uploads\/2025\/02\/IMGP3759-768x512.jpg 768w\" sizes=\"auto, (max-width: 1050px) 100vw, 1050px\" \/><\/figure>\n\n\n\n<div class=\"wp-block-group has-global-padding is-layout-constrained wp-block-group-is-layout-constrained\">\n<p>Praga, odcinek Hlubo\u010depy &#8211; Geologick\u00e1. Tatry w ca\u0142opojazdowej reklamie, kt\u00f3rej wygl\u0105du nie powstydzonoby si\u0119 w latach 90-tych, wspinaj\u0105 si\u0119 na Barrandov. 01.04.2014<\/p>\n<\/div>\n","protected":false},"excerpt":{"rendered":"<p>Praga, odcinek Hlubo\u010depy &#8211; Geologick\u00e1. Tatry w ca\u0142opojazdowej reklamie, kt\u00f3rej wygl\u0105du nie powstydzonoby si\u0119 w latach 90-tych, wspinaj\u0105 si\u0119 na Barrandov. 01.04.2014<\/p>\n","protected":false},"author":1,"featured_media":11397,"comment_status":"open","ping_status":"","sticky":false,"template":"","format":"standard","meta":{"footnotes":""},"categories":[48,3],"tags":[702,49,1049,52,1011],"class_list":["post-11396","post","type-post","status-publish","format-standard","has-post-thumbnail","hentry","category-rok-2014","category-tramwaj","tag-2014-04-01","tag-czechy","tag-dp-praha","tag-praga","tag-tatra-t3"],"_links":{"self":[{"href":"https:\/\/wgphoto.pl\/t\/index.php?rest_route=\/wp\/v2\/posts\/11396","targetHints":{"allow":["GET"]}}],"collection":[{"href":"https:\/\/wgphoto.pl\/t\/index.php?rest_route=\/wp\/v2\/posts"}],"about":[{"href":"https:\/\/wgphoto.pl\/t\/index.php?rest_route=\/wp\/v2\/types\/post"}],"author":[{"embeddable":true,"href":"https:\/\/wgphoto.pl\/t\/index.php?rest_route=\/wp\/v2\/users\/1"}],"replies":[{"embeddable":true,"href":"https:\/\/wgphoto.pl\/t\/index.php?rest_route=%2Fwp%2Fv2%2Fcomments&post=11396"}],"version-history":[{"count":1,"href":"https:\/\/wgphoto.pl\/t\/index.php?rest_route=\/wp\/v2\/posts\/11396\/revisions"}],"predecessor-version":[{"id":11398,"href":"https:\/\/wgphoto.pl\/t\/index.php?rest_route=\/wp\/v2\/posts\/11396\/revisions\/11398"}],"wp:featuredmedia":[{"embeddable":true,"href":"https:\/\/wgphoto.pl\/t\/index.php?rest_route=\/wp\/v2\/media\/11397"}],"wp:attachment":[{"href":"https:\/\/wgphoto.pl\/t\/index.php?rest_route=%2Fwp%2Fv2%2Fmedia&parent=11396"}],"wp:term":[{"taxonomy":"category","embeddable":true,"href":"https:\/\/wgphoto.pl\/t\/index.php?rest_route=%2Fwp%2Fv2%2Fcategories&post=11396"},{"taxonomy":"post_tag","embeddable":true,"href":"https:\/\/wgphoto.pl\/t\/index.php?rest_route=%2Fwp%2Fv2%2Ftags&post=11396"}],"curies":[{"name":"wp","href":"https:\/\/api.w.org\/{rel}","templated":true}]}}