{"id":11418,"date":"2025-02-04T17:41:21","date_gmt":"2025-02-04T16:41:21","guid":{"rendered":"https:\/\/wgphoto.pl\/t\/?p=11418"},"modified":"2025-02-04T17:41:21","modified_gmt":"2025-02-04T16:41:21","slug":"et21-651-swiebodzice","status":"publish","type":"post","link":"https:\/\/wgphoto.pl\/t\/?p=11418","title":{"rendered":"ET21-651, \u015awiebodzice"},"content":{"rendered":"\n<figure class=\"wp-block-image aligncenter size-full\"><img loading=\"lazy\" decoding=\"async\" width=\"1399\" height=\"933\" src=\"https:\/\/wgphoto.pl\/t\/wp-content\/uploads\/2025\/02\/2001c-00_rsn.jpg\" alt=\"\" class=\"wp-image-11419\" srcset=\"https:\/\/wgphoto.pl\/t\/wp-content\/uploads\/2025\/02\/2001c-00_rsn.jpg 1399w, https:\/\/wgphoto.pl\/t\/wp-content\/uploads\/2025\/02\/2001c-00_rsn-300x200.jpg 300w, https:\/\/wgphoto.pl\/t\/wp-content\/uploads\/2025\/02\/2001c-00_rsn-768x512.jpg 768w\" sizes=\"auto, (max-width: 1399px) 100vw, 1399px\" \/><\/figure>\n\n\n\n<div class=\"wp-block-group has-global-padding is-layout-constrained wp-block-group-is-layout-constrained\">\n<p>ET21-651 jedzie po kolejny poci\u0105g, kt\u00f3ry popchnie na odcinku z Jaworzyny do Wa\u0142brzycha. \u015awiebodzice, 03.02.2001<\/p>\n<\/div>\n","protected":false},"excerpt":{"rendered":"<p>ET21-651 jedzie po kolejny poci\u0105g, kt\u00f3ry popchnie na odcinku z Jaworzyny do Wa\u0142brzycha. \u015awiebodzice, 03.02.2001<\/p>\n","protected":false},"author":1,"featured_media":11419,"comment_status":"open","ping_status":"","sticky":false,"template":"","format":"standard","meta":{"footnotes":""},"categories":[62,2,940],"tags":[3111,198,63,27,44,1105,200],"class_list":["post-11418","post","type-post","status-publish","format-standard","has-post-thumbnail","hentry","category-analog","category-kolej","category-rok-2001","tag-2001-02-03","tag-et21","tag-pkp","tag-polska","tag-snieg","tag-swiebodzice","tag-tab-pl240"],"_links":{"self":[{"href":"https:\/\/wgphoto.pl\/t\/index.php?rest_route=\/wp\/v2\/posts\/11418","targetHints":{"allow":["GET"]}}],"collection":[{"href":"https:\/\/wgphoto.pl\/t\/index.php?rest_route=\/wp\/v2\/posts"}],"about":[{"href":"https:\/\/wgphoto.pl\/t\/index.php?rest_route=\/wp\/v2\/types\/post"}],"author":[{"embeddable":true,"href":"https:\/\/wgphoto.pl\/t\/index.php?rest_route=\/wp\/v2\/users\/1"}],"replies":[{"embeddable":true,"href":"https:\/\/wgphoto.pl\/t\/index.php?rest_route=%2Fwp%2Fv2%2Fcomments&post=11418"}],"version-history":[{"count":1,"href":"https:\/\/wgphoto.pl\/t\/index.php?rest_route=\/wp\/v2\/posts\/11418\/revisions"}],"predecessor-version":[{"id":11420,"href":"https:\/\/wgphoto.pl\/t\/index.php?rest_route=\/wp\/v2\/posts\/11418\/revisions\/11420"}],"wp:featuredmedia":[{"embeddable":true,"href":"https:\/\/wgphoto.pl\/t\/index.php?rest_route=\/wp\/v2\/media\/11419"}],"wp:attachment":[{"href":"https:\/\/wgphoto.pl\/t\/index.php?rest_route=%2Fwp%2Fv2%2Fmedia&parent=11418"}],"wp:term":[{"taxonomy":"category","embeddable":true,"href":"https:\/\/wgphoto.pl\/t\/index.php?rest_route=%2Fwp%2Fv2%2Fcategories&post=11418"},{"taxonomy":"post_tag","embeddable":true,"href":"https:\/\/wgphoto.pl\/t\/index.php?rest_route=%2Fwp%2Fv2%2Ftags&post=11418"}],"curies":[{"name":"wp","href":"https:\/\/api.w.org\/{rel}","templated":true}]}}