{"id":11421,"date":"2025-02-04T17:42:12","date_gmt":"2025-02-04T16:42:12","guid":{"rendered":"https:\/\/wgphoto.pl\/t\/?p=11421"},"modified":"2025-02-04T17:42:12","modified_gmt":"2025-02-04T16:42:12","slug":"z-widokiem-na-zatoke-waldemarsviken","status":"publish","type":"post","link":"https:\/\/wgphoto.pl\/t\/?p=11421","title":{"rendered":"Z widokiem na zatok\u0119 Waldemarsviken"},"content":{"rendered":"\n<figure class=\"wp-block-image aligncenter size-full\"><img loading=\"lazy\" decoding=\"async\" width=\"1400\" height=\"937\" src=\"https:\/\/wgphoto.pl\/t\/wp-content\/uploads\/2025\/02\/IMGP2927.jpg\" alt=\"\" class=\"wp-image-11422\" srcset=\"https:\/\/wgphoto.pl\/t\/wp-content\/uploads\/2025\/02\/IMGP2927.jpg 1400w, https:\/\/wgphoto.pl\/t\/wp-content\/uploads\/2025\/02\/IMGP2927-300x201.jpg 300w, https:\/\/wgphoto.pl\/t\/wp-content\/uploads\/2025\/02\/IMGP2927-768x514.jpg 768w\" sizes=\"auto, (max-width: 1400px) 100vw, 1400px\" \/><\/figure>\n\n\n\n<div class=\"wp-block-group has-global-padding is-layout-constrained wp-block-group-is-layout-constrained\">\n<p>Sztokholm, Djurg\u00e5rdsv\u00e4gen, wypo\u017cyczony z Norrk\u00f6ping wagon nr 35 ucieka w stron\u0119 centrum. 19.08.2011<\/p>\n<\/div>\n","protected":false},"excerpt":{"rendered":"<p>Sztokholm, Djurg\u00e5rdsv\u00e4gen, wypo\u017cyczony z Norrk\u00f6ping wagon nr 35 ucieka w stron\u0119 centrum. 19.08.2011<\/p>\n","protected":false},"author":1,"featured_media":11422,"comment_status":"open","ping_status":"","sticky":false,"template":"","format":"standard","meta":{"footnotes":""},"categories":[77,3],"tags":[1124,1126,173,116,682,686,685],"class_list":["post-11421","post","type-post","status-publish","format-standard","has-post-thumbnail","hentry","category-rok-2011","category-tramwaj","tag-2011-08-19","tag-bombardier-flexity-classic","tag-koncowki","tag-morze","tag-sl-stockholm","tag-sztokholm","tag-szwecja"],"_links":{"self":[{"href":"https:\/\/wgphoto.pl\/t\/index.php?rest_route=\/wp\/v2\/posts\/11421","targetHints":{"allow":["GET"]}}],"collection":[{"href":"https:\/\/wgphoto.pl\/t\/index.php?rest_route=\/wp\/v2\/posts"}],"about":[{"href":"https:\/\/wgphoto.pl\/t\/index.php?rest_route=\/wp\/v2\/types\/post"}],"author":[{"embeddable":true,"href":"https:\/\/wgphoto.pl\/t\/index.php?rest_route=\/wp\/v2\/users\/1"}],"replies":[{"embeddable":true,"href":"https:\/\/wgphoto.pl\/t\/index.php?rest_route=%2Fwp%2Fv2%2Fcomments&post=11421"}],"version-history":[{"count":1,"href":"https:\/\/wgphoto.pl\/t\/index.php?rest_route=\/wp\/v2\/posts\/11421\/revisions"}],"predecessor-version":[{"id":11423,"href":"https:\/\/wgphoto.pl\/t\/index.php?rest_route=\/wp\/v2\/posts\/11421\/revisions\/11423"}],"wp:featuredmedia":[{"embeddable":true,"href":"https:\/\/wgphoto.pl\/t\/index.php?rest_route=\/wp\/v2\/media\/11422"}],"wp:attachment":[{"href":"https:\/\/wgphoto.pl\/t\/index.php?rest_route=%2Fwp%2Fv2%2Fmedia&parent=11421"}],"wp:term":[{"taxonomy":"category","embeddable":true,"href":"https:\/\/wgphoto.pl\/t\/index.php?rest_route=%2Fwp%2Fv2%2Fcategories&post=11421"},{"taxonomy":"post_tag","embeddable":true,"href":"https:\/\/wgphoto.pl\/t\/index.php?rest_route=%2Fwp%2Fv2%2Ftags&post=11421"}],"curies":[{"name":"wp","href":"https:\/\/api.w.org\/{rel}","templated":true}]}}